{"id":10736,"date":"2019-11-15T09:25:43","date_gmt":"2019-11-15T08:25:43","guid":{"rendered":"http:\/\/eco-press.cmsmasters.net\/?p=10736"},"modified":"2021-04-24T13:27:57","modified_gmt":"2021-04-24T11:27:57","slug":"weihnachten-und-jahreswechsel-in-wien","status":"publish","type":"post","link":"https:\/\/zillinger4vienna.at\/en\/2019\/11\/15\/weihnachten-und-jahreswechsel-in-wien\/","title":{"rendered":"Modern Vienna and Christmas in Vienna \u2013 from the Christmas Markets to Klimt and Schiele"},"content":{"rendered":"<div id=\"cmsmasters_row_\" class=\"cmsmasters_row cmsmasters_color_scheme_default cmsmasters_row_top_default cmsmasters_row_bot_default cmsmasters_row_boxed\">\n<div class=\"cmsmasters_row_outer_parent\">\n<div class=\"cmsmasters_row_outer\">\n<div class=\"cmsmasters_row_inner\">\n<div class=\"cmsmasters_row_margin\">\n<div id=\"cmsmasters_column_\" class=\"cmsmasters_column one_first\">\n<div class=\"cmsmasters_column_inner\"><div class=\"cmsmasters_text\">\n<h4 style=\"padding-left: 40px;\"><span style=\"color: #000000;\">End of november is the whole city of Vienna ready for Christmas. The sparkling festive lights have been switched on and markets, ice-rinks and villages are popping up all over the city. Each year opens a new Christmas Village in Vienna.<\/span><\/h4>\n<p><span style=\"color: #000000;\">In der Adventszeit folge ich den Spuren des Brauchtums und der religi\u00f6sen Urspr\u00fcnge von Weihnachten. Neben den Weihnachtsm\u00e4rkten zeige ich dabei Erwachsenen, Familien und Kindern die ruhigen und besinnlichen Pl\u00e4tze der Stadt. Zum Jahreswechsel geht es um die verschiedenen Formen des Gl\u00fccks anhand von Pers\u00f6nlichkeiten und wie sie zu ihrem ganz pers\u00f6nliches Gl\u00fcck gefunden haben, ganz nach dem Motto &#8222;Jeder ist seines Gl\u00fcckes Schmied&#8220; und was man dazu heute in Wien dazu macht. Im neuen Jahr zeige ich die Geschichte der Balltradition und wie sich in Wien die verschiedenen T\u00e4nze und B\u00e4lle in den Palais entwickelt haben. Frauen haben dabei eine wesentliche Rolle gespielt. Ihr Einfluss auf das Gesellschafts- und Kulturleben in Wien vom 18. Jahrhundert bis heute beleuchte ich in einer eigenen F\u00fchrung zu den Wiener Salons und ihrer Bedeutung f\u00fcr das Geistesleben der Stadt.<\/span><\/p>\n<p><span style=\"color: #000000;\">Ich w\u00fcnsche Ihnen eine besinnliche Adventszeit und ein gutes neues Jahr 2020.<\/span><\/p>\n<p><span style=\"color: #000000;\">Yours Karl Zillinger<\/span><\/p>\n<p>&nbsp;<\/p>\n<p><span style=\"color: #bababa;\">At the end of November the whole city of Vienna is ready for Christmas. The sparkling festive lights have been switched on and markets, ice-rinks and Christmas villages are popping up all over the city.\u00a0Each year guests can find a new Christmas village in Vienna. During my Christmas walking tours I show you the most joyful and silent sides of Christmas in Vienna, for example the Christmas market on the Freyung. This Christmas market, which opened in 1772, is also one of Vienna\u2019s oldest ones. Today you can find extraordinary handicraft, glass decorations, traditional mangers and ceramics there. In addition to the Christmas walking tours I offer tours in the footsteps of Vienna 1900 in the Leopold Museum to see the master pieces by Klimt and Schiele. I look behind the facades of the Palaces along the Ring boulevard, which became the setting of famous balls and court ceremonies of Vienna`s high bourgeoise (oder upper-class) families and its aristocracy. Visit with me the most famous ballrooms and palaces in the city.<\/span><\/p>\n<p><span style=\"color: #bababa;\"><br \/>\nI wish you a reflective and joyful Christmas and a happy new year.<br \/>\n<\/span><\/p>\n<\/div>\n<\/div><\/div>\n<\/div>\n<\/div>\n<\/div>\n<\/div>\n<\/div>\n<div id=\"cmsmasters_row_q3goc80gd9\" class=\"cmsmasters_row cmsmasters_color_scheme_default cmsmasters_row_top_default cmsmasters_row_bot_default cmsmasters_row_boxed\">\n<div class=\"cmsmasters_row_outer_parent\">\n<div class=\"cmsmasters_row_outer\">\n<div class=\"cmsmasters_row_inner\">\n<div class=\"cmsmasters_row_margin\">\n<div id=\"cmsmasters_column_9933g37uau\" class=\"cmsmasters_column one_first\">\n<div class=\"cmsmasters_column_inner\">\n<div class=\"cmsmasters_sidebar sidebar_layout_11\"><aside id=\"tribe-events-list-widget-11\" class=\"widget tribe-events-list-widget\"><h3 class=\"widgettitle\">Upcoming Events<\/h3>\n\t<ol class=\"hfeed vcalendar\">\n\t\t\t\t\t<li class=\"tribe-events-list-widget-events type-tribe_events post-18365 tribe-clearfix tribe-events-category-denkmaeler tribe-events-category-friedhof tribe-events-category-stadtspaziergang tribe-events-category-zu-fuss tribe-events-venue-18366 tribe-events-last\">\n\t\t\t\t<div class=\"cmsmasters_event_big_date\">\n\t\t\t\t\t<div class=\"cmsmasters_event_big_day\">27<\/div>\n\t\t\t\t\t<div class=\"cmsmasters_event_big_date_ovh\">\n\t\t\t\t\t\t<div class=\"cmsmasters_event_big_month\">April<\/div>\n\t\t\t\t\t\t<div class=\"cmsmasters_event_big_week\">Monday<\/div>\n\t\t\t\t\t<\/div>\n\t\t\t\t<\/div>\n\t\t\t\t\t\t\t\t<div class=\"tribe-events-event-image\">\n\t\t\t\t\t<figure class=\"cmsmasters_img_wrap\"><a href=\"https:\/\/zillinger4vienna.at\/wp-content\/uploads\/2026\/01\/Sankt-Marxer-Friedhof-Karl-Zillinger-Wien.png\" title=\"Der Marxer Friedhof in seiner Fliederpracht\" rel=\"ilightbox[1_69ef22967193c]\" class=\"cmsmasters_img_link\"><img decoding=\"async\" width=\"180\" height=\"180\" src=\"https:\/\/zillinger4vienna.at\/wp-content\/uploads\/2026\/01\/Sankt-Marxer-Friedhof-Karl-Zillinger-Wien-180x180.png\" class=\"wp-post-image\" alt=\"Der Marxer Friedhof in seiner Fliederpracht\" title=\"Der Marxer Friedhof in seiner Fliederpracht\" srcset=\"https:\/\/zillinger4vienna.at\/wp-content\/uploads\/2026\/01\/Sankt-Marxer-Friedhof-Karl-Zillinger-Wien-180x180.png 180w, https:\/\/zillinger4vienna.at\/wp-content\/uploads\/2026\/01\/Sankt-Marxer-Friedhof-Karl-Zillinger-Wien-150x150.png 150w\" sizes=\"(max-width: 180px) 100vw, 180px\" \/><\/a><\/figure>\t\t\t\t<\/div>\n\t\t\t\t\t\t\t\t<div class=\"tribe-events-list-widget-content-wrap\">\n\t\t\t\t\t\t\t\t\t\t<!-- Event Title -->\n\t\t\t\t\t<h5 class=\"entry-title summary\">\n\t\t\t\t\t\t<a href=\"https:\/\/zillinger4vienna.at\/en\/fuehrung\/der-marxer-friedhof-in-seiner-fliederpracht\/\" rel=\"bookmark\">Der Marxer Friedhof in seiner Fliederpracht<\/a>\n\t\t\t\t\t<\/h5>\n\t\t\t\t\t\n\t\t\t\t\t\t\t\t\t\t<!-- Event Time -->\n\t\t\t\t\t\n\t\t\t\t\t\t\t\t\t\t\n\t\t\t\t\t<div class=\"tribe-events-event-meta vcard\">\n\t\t\t\t\t\t<div class=\"author\">\n\t\t\t\t\t\t\t\n\t\t\t\t\t\t\t<!-- Schedule & Recurrence Details -->\n\t\t\t\t\t\t\t<div class=\"updated published time-details\">\n\t\t\t\t\t\t\t\t<span class=\"tribe-event-date-start\">27. April  \/  10:00<\/span> \u2012 <span class=\"tribe-event-time\">12:00<\/span>\t\t\t\t\t\t\t<\/div>\n\n\t\t\t\t\t\t\t\t\t\t\t\t\t\t\t<!-- Venue Display Info -->\n\t\t\t\t\t\t\t\t<div class=\"tribe-events-venue-details\">\n\t\t\t\t\t\t\t\t\t<span class=\"tribe-address\">\n\n\n\n\n\n\n<\/span>\n\t\t\t\t\t\t\t\t<\/div> <!-- .tribe-events-venue-details -->\n\t\t\t\t\t\t\t\t\t\t\t\t\t\t\n\t\t\t\t\t\t\t\n\t\t\t\t\t\t\t<div class=\"tribe-events-list-event-description tribe-events-content description entry-summary\">\n\t\t\t\t\t\t\t\t\t\t\t\t\t\t\t<\/div>\n\t\t\t\t\t\t<\/div>\n\t\t\t\t\t<\/div><!-- .tribe-events-event-meta -->\n\n\t\t\t\t\t\t\t\t\t<\/div>\n\t\t\t\t<div class=\"cmsmasters_events_more\">\n\t\t\t\t\t<a href=\"https:\/\/zillinger4vienna.at\/en\/fuehrung\/der-marxer-friedhof-in-seiner-fliederpracht\/\" class=\"tribe-events-read-more button\" rel=\"bookmark\">View event<\/a>\n\t\t\t\t<\/div>\n\t\t\t<\/li>\n\t\t\t\t\t<li class=\"tribe-events-list-widget-events type-tribe_events post-18369 tribe-clearfix tribe-events-venue-17719 tribe-events-last\">\n\t\t\t\t<div class=\"cmsmasters_event_big_date\">\n\t\t\t\t\t<div class=\"cmsmasters_event_big_day\">08<\/div>\n\t\t\t\t\t<div class=\"cmsmasters_event_big_date_ovh\">\n\t\t\t\t\t\t<div class=\"cmsmasters_event_big_month\">May<\/div>\n\t\t\t\t\t\t<div class=\"cmsmasters_event_big_week\">Friday<\/div>\n\t\t\t\t\t<\/div>\n\t\t\t\t<\/div>\n\t\t\t\t\t\t\t\t<div class=\"tribe-events-event-image\">\n\t\t\t\t\t<figure class=\"cmsmasters_img_wrap\"><a href=\"https:\/\/zillinger4vienna.at\/wp-content\/uploads\/2022\/05\/Schnitzler.jpg\" title=\"Schnitzlers Wien: Gesellschaft, Politik und Kultur um 1900 in Wien\" rel=\"ilightbox[1_69ef229672cd6]\" class=\"cmsmasters_img_link\"><img decoding=\"async\" width=\"180\" height=\"180\" src=\"https:\/\/zillinger4vienna.at\/wp-content\/uploads\/2022\/05\/Schnitzler-180x180.jpg\" class=\"wp-post-image\" alt=\"Schnitzlers Wien: Gesellschaft, Politik und Kultur um 1900 in Wien\" title=\"Schnitzlers Wien: Gesellschaft, Politik und Kultur um 1900 in Wien\" srcset=\"https:\/\/zillinger4vienna.at\/wp-content\/uploads\/2022\/05\/Schnitzler-180x180.jpg 180w, https:\/\/zillinger4vienna.at\/wp-content\/uploads\/2022\/05\/Schnitzler-150x150.jpg 150w, https:\/\/zillinger4vienna.at\/wp-content\/uploads\/2022\/05\/Schnitzler-580x580.jpg 580w\" sizes=\"(max-width: 180px) 100vw, 180px\" \/><\/a><\/figure>\t\t\t\t<\/div>\n\t\t\t\t\t\t\t\t<div class=\"tribe-events-list-widget-content-wrap\">\n\t\t\t\t\t\t\t\t\t\t<!-- Event Title -->\n\t\t\t\t\t<h5 class=\"entry-title summary\">\n\t\t\t\t\t\t<a href=\"https:\/\/zillinger4vienna.at\/en\/fuehrung\/schnitzlers-wien-gesellschaft-politik-und-kultur-um-1900-in-wien\/\" rel=\"bookmark\">Schnitzlers Wien: Gesellschaft, Politik und Kultur um 1900 in Wien<\/a>\n\t\t\t\t\t<\/h5>\n\t\t\t\t\t\n\t\t\t\t\t\t\t\t\t\t<!-- Event Time -->\n\t\t\t\t\t\n\t\t\t\t\t\t\t\t\t\t\n\t\t\t\t\t<div class=\"tribe-events-event-meta vcard\">\n\t\t\t\t\t\t<div class=\"author\">\n\t\t\t\t\t\t\t\n\t\t\t\t\t\t\t<!-- Schedule & Recurrence Details -->\n\t\t\t\t\t\t\t<div class=\"updated published time-details\">\n\t\t\t\t\t\t\t\t<span class=\"tribe-event-date-start\">8. May  \/  10:00<\/span> \u2012 <span class=\"tribe-event-time\">12:00<\/span>\t\t\t\t\t\t\t<\/div>\n\n\t\t\t\t\t\t\t\t\t\t\t\t\t\t\t<!-- Venue Display Info -->\n\t\t\t\t\t\t\t\t<div class=\"tribe-events-venue-details\">\n\t\t\t\t\t\t\t\t\t<span class=\"tribe-address\">\n\n\n\n\n\n\n<\/span>\n\t\t\t\t\t\t\t\t<\/div> <!-- .tribe-events-venue-details -->\n\t\t\t\t\t\t\t\t\t\t\t\t\t\t\n\t\t\t\t\t\t\t\n\t\t\t\t\t\t\t<div class=\"tribe-events-list-event-description tribe-events-content description entry-summary\">\n\t\t\t\t\t\t\t\t<p>Treffpunkt: Nestroy-Denkmal<\/p>\n\t\t\t\t\t\t\t<\/div>\n\t\t\t\t\t\t<\/div>\n\t\t\t\t\t<\/div><!-- .tribe-events-event-meta -->\n\n\t\t\t\t\t\t\t\t\t<\/div>\n\t\t\t\t<div class=\"cmsmasters_events_more\">\n\t\t\t\t\t<a href=\"https:\/\/zillinger4vienna.at\/en\/fuehrung\/schnitzlers-wien-gesellschaft-politik-und-kultur-um-1900-in-wien\/\" class=\"tribe-events-read-more button\" rel=\"bookmark\">View event<\/a>\n\t\t\t\t<\/div>\n\t\t\t<\/li>\n\t\t\t\t\t<li class=\"tribe-events-list-widget-events type-tribe_events post-18371 tribe-clearfix tribe-events-venue-18372 tribe-events-last\">\n\t\t\t\t<div class=\"cmsmasters_event_big_date\">\n\t\t\t\t\t<div class=\"cmsmasters_event_big_day\">22<\/div>\n\t\t\t\t\t<div class=\"cmsmasters_event_big_date_ovh\">\n\t\t\t\t\t\t<div class=\"cmsmasters_event_big_month\">May<\/div>\n\t\t\t\t\t\t<div class=\"cmsmasters_event_big_week\">Friday<\/div>\n\t\t\t\t\t<\/div>\n\t\t\t\t<\/div>\n\t\t\t\t\t\t\t\t<div class=\"tribe-events-event-image\">\n\t\t\t\t\t<figure class=\"cmsmasters_img_wrap\"><a href=\"https:\/\/zillinger4vienna.at\/wp-content\/uploads\/2026\/01\/Von-C.StadlerBwag-Eigenes-Werk-CC-BY-SA-4.0-https-commons.wikimedia.orgwindex.phpcurid57455101.png\" title=\"Natur und Denkmal in Wien: Hermesvilla und Lainzer Tiergarten\" rel=\"ilightbox[1_69ef22967405e]\" class=\"cmsmasters_img_link\"><img decoding=\"async\" width=\"180\" height=\"180\" src=\"https:\/\/zillinger4vienna.at\/wp-content\/uploads\/2026\/01\/Von-C.StadlerBwag-Eigenes-Werk-CC-BY-SA-4.0-https-commons.wikimedia.orgwindex.phpcurid57455101-180x180.png\" class=\"wp-post-image\" alt=\"Natur und Denkmal in Wien: Hermesvilla und Lainzer Tiergarten\" title=\"Natur und Denkmal in Wien: Hermesvilla und Lainzer Tiergarten\" srcset=\"https:\/\/zillinger4vienna.at\/wp-content\/uploads\/2026\/01\/Von-C.StadlerBwag-Eigenes-Werk-CC-BY-SA-4.0-https-commons.wikimedia.orgwindex.phpcurid57455101-180x180.png 180w, https:\/\/zillinger4vienna.at\/wp-content\/uploads\/2026\/01\/Von-C.StadlerBwag-Eigenes-Werk-CC-BY-SA-4.0-https-commons.wikimedia.orgwindex.phpcurid57455101-150x150.png 150w\" sizes=\"(max-width: 180px) 100vw, 180px\" \/><\/a><\/figure>\t\t\t\t<\/div>\n\t\t\t\t\t\t\t\t<div class=\"tribe-events-list-widget-content-wrap\">\n\t\t\t\t\t\t\t\t\t\t<!-- Event Title -->\n\t\t\t\t\t<h5 class=\"entry-title summary\">\n\t\t\t\t\t\t<a href=\"https:\/\/zillinger4vienna.at\/en\/fuehrung\/natur-und-denkmal-in-wien-hermesvilla-und-lainzer-tiergarten\/\" rel=\"bookmark\">Natur und Denkmal in Wien: Hermesvilla und Lainzer Tiergarten<\/a>\n\t\t\t\t\t<\/h5>\n\t\t\t\t\t\n\t\t\t\t\t\t\t\t\t\t<!-- Event Time -->\n\t\t\t\t\t\n\t\t\t\t\t\t\t\t\t\t\n\t\t\t\t\t<div class=\"tribe-events-event-meta vcard\">\n\t\t\t\t\t\t<div class=\"author\">\n\t\t\t\t\t\t\t\n\t\t\t\t\t\t\t<!-- Schedule & Recurrence Details -->\n\t\t\t\t\t\t\t<div class=\"updated published time-details\">\n\t\t\t\t\t\t\t\t<span class=\"tribe-event-date-start\">22. May  \/  10:00<\/span> \u2012 <span class=\"tribe-event-time\">12:00<\/span>\t\t\t\t\t\t\t<\/div>\n\n\t\t\t\t\t\t\t\t\t\t\t\t\t\t\t<!-- Venue Display Info -->\n\t\t\t\t\t\t\t\t<div class=\"tribe-events-venue-details\">\n\t\t\t\t\t\t\t\t\t<span class=\"tribe-address\">\n\n\n\n\n\n\n<\/span>\n\t\t\t\t\t\t\t\t<\/div> <!-- .tribe-events-venue-details -->\n\t\t\t\t\t\t\t\t\t\t\t\t\t\t\n\t\t\t\t\t\t\t\n\t\t\t\t\t\t\t<div class=\"tribe-events-list-event-description tribe-events-content description entry-summary\">\n\t\t\t\t\t\t\t\t<p>Treffpunkt: Lainzer Tor(\u00a9&nbsp; C.Stadler\/Bwag - Eigenes Werk, CC BY-SA 4.0)<\/p>\n\t\t\t\t\t\t\t<\/div>\n\t\t\t\t\t\t<\/div>\n\t\t\t\t\t<\/div><!-- .tribe-events-event-meta -->\n\n\t\t\t\t\t\t\t\t\t<\/div>\n\t\t\t\t<div class=\"cmsmasters_events_more\">\n\t\t\t\t\t<a href=\"https:\/\/zillinger4vienna.at\/en\/fuehrung\/natur-und-denkmal-in-wien-hermesvilla-und-lainzer-tiergarten\/\" class=\"tribe-events-read-more button\" rel=\"bookmark\">View event<\/a>\n\t\t\t\t<\/div>\n\t\t\t<\/li>\n\t\t\t\t\t<li class=\"tribe-events-list-widget-events type-tribe_events post-18376 tribe-clearfix tribe-events-category-architektur tribe-events-category-geschichte tribe-events-category-prater tribe-events-category-stadtspaziergang tribe-events-venue-16432 tribe-events-last\">\n\t\t\t\t<div class=\"cmsmasters_event_big_date\">\n\t\t\t\t\t<div class=\"cmsmasters_event_big_day\">12<\/div>\n\t\t\t\t\t<div class=\"cmsmasters_event_big_date_ovh\">\n\t\t\t\t\t\t<div class=\"cmsmasters_event_big_month\">June<\/div>\n\t\t\t\t\t\t<div class=\"cmsmasters_event_big_week\">Friday<\/div>\n\t\t\t\t\t<\/div>\n\t\t\t\t<\/div>\n\t\t\t\t\t\t\t\t<div class=\"tribe-events-event-image\">\n\t\t\t\t\t<figure class=\"cmsmasters_img_wrap\"><a href=\"https:\/\/zillinger4vienna.at\/wp-content\/uploads\/2024\/09\/vienna-prater-riesenrad.jpg\" title=\"Das Pratercottage in Wien: Villen, Gr\u00fcnderzeit und ihre Familiengeschichten\u00a0\" rel=\"ilightbox[1_69ef229675433]\" class=\"cmsmasters_img_link\"><img decoding=\"async\" width=\"180\" height=\"180\" src=\"https:\/\/zillinger4vienna.at\/wp-content\/uploads\/2024\/09\/vienna-prater-riesenrad-180x180.jpg\" class=\"wp-post-image\" alt=\"Das Pratercottage in Wien: Villen, Gr\u00fcnderzeit und ihre Familiengeschichten\u00a0\" title=\"Das Pratercottage in Wien: Villen, Gr\u00fcnderzeit und ihre Familiengeschichten\u00a0\" srcset=\"https:\/\/zillinger4vienna.at\/wp-content\/uploads\/2024\/09\/vienna-prater-riesenrad-180x180.jpg 180w, https:\/\/zillinger4vienna.at\/wp-content\/uploads\/2024\/09\/vienna-prater-riesenrad-150x150.jpg 150w, https:\/\/zillinger4vienna.at\/wp-content\/uploads\/2024\/09\/vienna-prater-riesenrad-580x580.jpg 580w\" sizes=\"(max-width: 180px) 100vw, 180px\" \/><\/a><\/figure>\t\t\t\t<\/div>\n\t\t\t\t\t\t\t\t<div class=\"tribe-events-list-widget-content-wrap\">\n\t\t\t\t\t\t\t\t\t\t<!-- Event Title -->\n\t\t\t\t\t<h5 class=\"entry-title summary\">\n\t\t\t\t\t\t<a href=\"https:\/\/zillinger4vienna.at\/en\/fuehrung\/das-pratercottage-in-wien-villen-gruenderzeit-und-ihre-familiengeschichten\/\" rel=\"bookmark\">Das Pratercottage in Wien: Villen, Gr\u00fcnderzeit und ihre Familiengeschichten\u00a0<\/a>\n\t\t\t\t\t<\/h5>\n\t\t\t\t\t\n\t\t\t\t\t\t\t\t\t\t<!-- Event Time -->\n\t\t\t\t\t\n\t\t\t\t\t\t\t\t\t\t\n\t\t\t\t\t<div class=\"tribe-events-event-meta vcard\">\n\t\t\t\t\t\t<div class=\"author\">\n\t\t\t\t\t\t\t\n\t\t\t\t\t\t\t<!-- Schedule & Recurrence Details -->\n\t\t\t\t\t\t\t<div class=\"updated published time-details\">\n\t\t\t\t\t\t\t\t<span class=\"tribe-event-date-start\">12. June  \/  10:00<\/span> \u2012 <span class=\"tribe-event-time\">12:00<\/span>\t\t\t\t\t\t\t<\/div>\n\n\t\t\t\t\t\t\t\t\t\t\t\t\t\t\t<!-- Venue Display Info -->\n\t\t\t\t\t\t\t\t<div class=\"tribe-events-venue-details\">\n\t\t\t\t\t\t\t\t\t<span class=\"tribe-address\">\n\n\n\n\n\n\n<\/span>\n\t\t\t\t\t\t\t\t<\/div> <!-- .tribe-events-venue-details -->\n\t\t\t\t\t\t\t\t\t\t\t\t\t\t\n\t\t\t\t\t\t\t\n\t\t\t\t\t\t\t<div class=\"tribe-events-list-event-description tribe-events-content description entry-summary\">\n\t\t\t\t\t\t\t\t<p>Eingang: Riesenrad<\/p>\n\t\t\t\t\t\t\t<\/div>\n\t\t\t\t\t\t<\/div>\n\t\t\t\t\t<\/div><!-- .tribe-events-event-meta -->\n\n\t\t\t\t\t\t\t\t\t<\/div>\n\t\t\t\t<div class=\"cmsmasters_events_more\">\n\t\t\t\t\t<a href=\"https:\/\/zillinger4vienna.at\/en\/fuehrung\/das-pratercottage-in-wien-villen-gruenderzeit-und-ihre-familiengeschichten\/\" class=\"tribe-events-read-more button\" rel=\"bookmark\">View event<\/a>\n\t\t\t\t<\/div>\n\t\t\t<\/li>\n\t\t\t\t\t<li class=\"tribe-events-list-widget-events type-tribe_events post-18378 tribe-clearfix tribe-events-category-architektur tribe-events-category-denkmaeler tribe-events-category-fruehling tribe-events-category-natur tribe-events-category-stadtspaziergang tribe-events-category-zu-fuss tribe-events-venue-18379 tribe-events-last\">\n\t\t\t\t<div class=\"cmsmasters_event_big_date\">\n\t\t\t\t\t<div class=\"cmsmasters_event_big_day\">29<\/div>\n\t\t\t\t\t<div class=\"cmsmasters_event_big_date_ovh\">\n\t\t\t\t\t\t<div class=\"cmsmasters_event_big_month\">June<\/div>\n\t\t\t\t\t\t<div class=\"cmsmasters_event_big_week\">Monday<\/div>\n\t\t\t\t\t<\/div>\n\t\t\t\t<\/div>\n\t\t\t\t\t\t\t\t<div class=\"tribe-events-event-image\">\n\t\t\t\t\t<figure class=\"cmsmasters_img_wrap\"><a href=\"https:\/\/zillinger4vienna.at\/wp-content\/uploads\/2026\/01\/Hietzing2-26.png\" title=\"Hietzing und seine Villen beim Schlossgarten Sch\u00f6nbrunn\" rel=\"ilightbox[1_69ef2296766b0]\" class=\"cmsmasters_img_link\"><img decoding=\"async\" width=\"180\" height=\"180\" src=\"https:\/\/zillinger4vienna.at\/wp-content\/uploads\/2026\/01\/Hietzing2-26-180x180.png\" class=\"wp-post-image\" alt=\"Hietzing und seine Villen beim Schlossgarten Sch\u00f6nbrunn\" title=\"Hietzing und seine Villen beim Schlossgarten Sch\u00f6nbrunn\" srcset=\"https:\/\/zillinger4vienna.at\/wp-content\/uploads\/2026\/01\/Hietzing2-26-180x180.png 180w, https:\/\/zillinger4vienna.at\/wp-content\/uploads\/2026\/01\/Hietzing2-26-150x150.png 150w, https:\/\/zillinger4vienna.at\/wp-content\/uploads\/2026\/01\/Hietzing2-26-580x580.png 580w\" sizes=\"(max-width: 180px) 100vw, 180px\" \/><\/a><\/figure>\t\t\t\t<\/div>\n\t\t\t\t\t\t\t\t<div class=\"tribe-events-list-widget-content-wrap\">\n\t\t\t\t\t\t\t\t\t\t<!-- Event Title -->\n\t\t\t\t\t<h5 class=\"entry-title summary\">\n\t\t\t\t\t\t<a href=\"https:\/\/zillinger4vienna.at\/en\/fuehrung\/hietzing-und-seine-villen-beim-schlossgarten-schoenbrunn\/\" rel=\"bookmark\">Hietzing und seine Villen beim Schlossgarten Sch\u00f6nbrunn<\/a>\n\t\t\t\t\t<\/h5>\n\t\t\t\t\t\n\t\t\t\t\t\t\t\t\t\t<!-- Event Time -->\n\t\t\t\t\t\n\t\t\t\t\t\t\t\t\t\t\n\t\t\t\t\t<div class=\"tribe-events-event-meta vcard\">\n\t\t\t\t\t\t<div class=\"author\">\n\t\t\t\t\t\t\t\n\t\t\t\t\t\t\t<!-- Schedule & Recurrence Details -->\n\t\t\t\t\t\t\t<div class=\"updated published time-details\">\n\t\t\t\t\t\t\t\t<span class=\"tribe-event-date-start\">29. June  \/  10:00<\/span> \u2012 <span class=\"tribe-event-time\">12:00<\/span>\t\t\t\t\t\t\t<\/div>\n\n\t\t\t\t\t\t\t\t\t\t\t\t\t\t\t<!-- Venue Display Info -->\n\t\t\t\t\t\t\t\t<div class=\"tribe-events-venue-details\">\n\t\t\t\t\t\t\t\t\t<span class=\"tribe-address\">\n\n\n\n\n\n\n<\/span>\n\t\t\t\t\t\t\t\t<\/div> <!-- .tribe-events-venue-details -->\n\t\t\t\t\t\t\t\t\t\t\t\t\t\t\n\t\t\t\t\t\t\t\n\t\t\t\t\t\t\t<div class=\"tribe-events-list-event-description tribe-events-content description entry-summary\">\n\t\t\t\t\t\t\t\t<p>\u00a9 Tournasol7, CC BY-SA 4.0 Tournasol7, CC BY-SA 4.0, via Wikimedia Commons<\/p>\n\t\t\t\t\t\t\t<\/div>\n\t\t\t\t\t\t<\/div>\n\t\t\t\t\t<\/div><!-- .tribe-events-event-meta -->\n\n\t\t\t\t\t\t\t\t\t<\/div>\n\t\t\t\t<div class=\"cmsmasters_events_more\">\n\t\t\t\t\t<a href=\"https:\/\/zillinger4vienna.at\/en\/fuehrung\/hietzing-und-seine-villen-beim-schlossgarten-schoenbrunn\/\" class=\"tribe-events-read-more button\" rel=\"bookmark\">View event<\/a>\n\t\t\t\t<\/div>\n\t\t\t<\/li>\n\t\t\t<\/ol><!-- .hfeed -->\n\n\t<p class=\"tribe-events-widget-link\">\n\t\t<a href=\"https:\/\/zillinger4vienna.at\/en\/stadtfuehrungen\/\" rel=\"bookmark\">View All Events<\/a>\n\t<\/p>\n\n<\/aside><script type=\"application\/ld+json\">\r\n[{\"@context\":\"http:\/\/schema.org\",\"@type\":\"Event\",\"name\":\"Der Marxer Friedhof in seiner Fliederpracht\",\"description\":\"\",\"image\":\"https:\/\/zillinger4vienna.at\/wp-content\/uploads\/2026\/01\/Sankt-Marxer-Friedhof-Karl-Zillinger-Wien.png\",\"url\":\"https:\/\/zillinger4vienna.at\/en\/fuehrung\/der-marxer-friedhof-in-seiner-fliederpracht\/\",\"startDate\":\"2026-04-27T10:00:00+02:00\",\"endDate\":\"2026-04-27T12:00:00+02:00\",\"location\":{\"@type\":\"Place\",\"name\":\"St. Marx\",\"description\":\"\",\"url\":\"https:\/\/zillinger4vienna.at\/en\/venue\/st-marx\/\",\"address\":{\"@type\":\"PostalAddress\",\"streetAddress\":\"Leberstra\\u00dfe 6\",\"addressLocality\":\"Wien\",\"postalCode\":\"1030\",\"addressCountry\":\"Austria\"},\"telephone\":\"\",\"sameAs\":\"\"},\"performer\":\"Organization\"},{\"@context\":\"http:\/\/schema.org\",\"@type\":\"Event\",\"name\":\"Schnitzlers Wien: Gesellschaft, Politik und Kultur um 1900 in Wien\",\"description\":\"&lt;p&gt;Treffpunkt: Nestroy-Denkmal&lt;\/p&gt;\\\\n\",\"image\":\"https:\/\/zillinger4vienna.at\/wp-content\/uploads\/2022\/05\/Schnitzler.jpg\",\"url\":\"https:\/\/zillinger4vienna.at\/en\/fuehrung\/schnitzlers-wien-gesellschaft-politik-und-kultur-um-1900-in-wien\/\",\"startDate\":\"2026-05-08T10:00:00+02:00\",\"endDate\":\"2026-05-08T12:00:00+02:00\",\"location\":{\"@type\":\"Place\",\"name\":\"Nestroy Denkmal\",\"description\":\"\",\"url\":\"https:\/\/zillinger4vienna.at\/en\/venue\/nestroy-denkmal\/\",\"address\":{\"@type\":\"PostalAddress\",\"streetAddress\":\"Zirkusgasse 2\",\"addressRegion\":\"Wien\",\"postalCode\":\"1020\"},\"telephone\":\"\",\"sameAs\":\"\"},\"performer\":\"Organization\"},{\"@context\":\"http:\/\/schema.org\",\"@type\":\"Event\",\"name\":\"Natur und Denkmal in Wien: Hermesvilla und Lainzer Tiergarten\",\"description\":\"&lt;p&gt;Treffpunkt: Lainzer Tor(\\u00a9&nbsp; C.Stadler\/Bwag - Eigenes Werk, CC BY-SA 4.0)&lt;\/p&gt;\\\\n\",\"image\":\"https:\/\/zillinger4vienna.at\/wp-content\/uploads\/2026\/01\/Von-C.StadlerBwag-Eigenes-Werk-CC-BY-SA-4.0-https-commons.wikimedia.orgwindex.phpcurid57455101.png\",\"url\":\"https:\/\/zillinger4vienna.at\/en\/fuehrung\/natur-und-denkmal-in-wien-hermesvilla-und-lainzer-tiergarten\/\",\"startDate\":\"2026-05-22T10:00:00+02:00\",\"endDate\":\"2026-05-22T12:00:00+02:00\",\"location\":{\"@type\":\"Place\",\"name\":\"Lainzer Tor\",\"description\":\"\",\"url\":\"https:\/\/zillinger4vienna.at\/en\/venue\/lainzer-tor\/\",\"address\":{\"@type\":\"PostalAddress\",\"streetAddress\":\"Hermesstra\\u00dfe\",\"addressLocality\":\"Wien\",\"postalCode\":\"1130\",\"addressCountry\":\"Austria\"},\"telephone\":\"\",\"sameAs\":\"\"},\"performer\":\"Organization\"},{\"@context\":\"http:\/\/schema.org\",\"@type\":\"Event\",\"name\":\"Das Pratercottage in Wien: Villen, Gr\\u00fcnderzeit und ihre Familiengeschichten\\u00a0\",\"description\":\"&lt;p&gt;Eingang: Riesenrad&lt;\/p&gt;\\\\n\",\"image\":\"https:\/\/zillinger4vienna.at\/wp-content\/uploads\/2024\/09\/vienna-prater-riesenrad.jpg\",\"url\":\"https:\/\/zillinger4vienna.at\/en\/fuehrung\/das-pratercottage-in-wien-villen-gruenderzeit-und-ihre-familiengeschichten\/\",\"startDate\":\"2026-06-12T10:00:00+02:00\",\"endDate\":\"2026-06-12T12:00:00+02:00\",\"location\":{\"@type\":\"Place\",\"name\":\"Riesenradplatz\",\"description\":\"\",\"url\":\"https:\/\/zillinger4vienna.at\/en\/venue\/16432\/\",\"address\":{\"@type\":\"PostalAddress\",\"streetAddress\":\"Riesenradplatz 2\",\"addressLocality\":\"Wien\",\"postalCode\":\"1020\",\"addressCountry\":\"\\u00d6sterreich\"},\"telephone\":\"\",\"sameAs\":\"\"},\"performer\":\"Organization\"},{\"@context\":\"http:\/\/schema.org\",\"@type\":\"Event\",\"name\":\"Hietzing und seine Villen beim Schlossgarten Sch\\u00f6nbrunn\",\"description\":\"&lt;p&gt;\\u00a9 Tournasol7, CC BY-SA 4.0 Tournasol7, CC BY-SA 4.0, via Wikimedia Commons&lt;\/p&gt;\\\\n\",\"image\":\"https:\/\/zillinger4vienna.at\/wp-content\/uploads\/2026\/01\/Hietzing2-26.png\",\"url\":\"https:\/\/zillinger4vienna.at\/en\/fuehrung\/hietzing-und-seine-villen-beim-schlossgarten-schoenbrunn\/\",\"startDate\":\"2026-06-29T10:00:00+02:00\",\"endDate\":\"2026-06-29T12:00:00+02:00\",\"location\":{\"@type\":\"Place\",\"name\":\"Pfarrkirche Hietzing\",\"description\":\"\",\"url\":\"https:\/\/zillinger4vienna.at\/en\/venue\/pfarrkirche-hietzing\/\",\"address\":{\"@type\":\"PostalAddress\",\"streetAddress\":\"Am Platz 1\",\"addressLocality\":\"Wien\",\"postalCode\":\"1130\",\"addressCountry\":\"Austria\"},\"telephone\":\"\",\"sameAs\":\"\"},\"performer\":\"Organization\"}]\r\n<\/script><div class=\"cl\"><\/div>\n<\/div>\n<\/div><\/div>\n<\/div>\n<\/div>\n<\/div>\n<\/div>\n<\/div>","protected":false},"excerpt":{"rendered":"<p>At the end of November the whole city of Vienna is ready for Christmas. The sparkling festive lights have been switched on and markets, ice-rinks and Christmas villages are popping up all over the city.<\/p>","protected":false},"author":1,"featured_media":15929,"comment_status":"closed","ping_status":"closed","sticky":false,"template":"","format":"image","meta":{"_EventAllDay":false,"_EventTimezone":"","_EventStartDate":"","_EventEndDate":"","_EventStartDateUTC":"","_EventEndDateUTC":"","_EventShowMap":false,"_EventShowMapLink":false,"_EventURL":"","_EventCost":"","_EventCostDescription":"","_EventCurrencySymbol":"","_EventCurrencyCode":"","_EventCurrencyPosition":"","_EventDateTimeSeparator":"","_EventTimeRangeSeparator":"","_EventOrganizerID":[],"_EventVenueID":0,"_OrganizerEmail":"","_OrganizerPhone":"","_OrganizerWebsite":"","_VenueAddress":"","_VenueCity":"","_VenueCountry":"","_VenueProvince":"","_VenueZip":"","_VenuePhone":"","_VenueURL":"","_VenueStateProvince":"","_VenueLat":"","_VenueLng":"","footnotes":""},"categories":[7],"tags":[45,43,44],"class_list":["post-10736","post","type-post","status-publish","format-image","has-post-thumbnail","hentry","category-news","tag-jahreswechsel-in-wien","tag-weihnachten","tag-wiener-braeuche","post_format-post-format-image","cat_architektur","cat_denkmaeler","cat_fruehling","cat_natur","cat_stadtspaziergang","cat_zu-fuss"],"yoast_head":"<!-- This site is optimized with the Yoast SEO plugin v25.0 - https:\/\/yoast.com\/wordpress\/plugins\/seo\/ -->\n<title>Von Wien um 1900 zu Weihnachtsbr\u00e4uchen und den Jahreswechsel<\/title>\n<meta name=\"description\" content=\"Zertifizierter Austria Guide Mag. Karl Zillinger: Stadtspazierg\u00e4nge, &quot;Gr\u00e4tzelf\u00fchrungen&quot;, Spezialtouren in und rund um Wien. Jetzt anmelden!\" \/>\n<meta name=\"robots\" content=\"index, follow, max-snippet:-1, max-image-preview:large, max-video-preview:-1\" \/>\n<link rel=\"canonical\" href=\"https:\/\/zillinger4vienna.at\/en\/2019\/11\/15\/weihnachten-und-jahreswechsel-in-wien\/\" \/>\n<meta property=\"og:locale\" content=\"en_GB\" \/>\n<meta property=\"og:type\" content=\"article\" \/>\n<meta property=\"og:title\" content=\"Von Wien um 1900 zu Weihnachtsbr\u00e4uchen und den Jahreswechsel\" \/>\n<meta property=\"og:description\" content=\"Zertifizierter Austria Guide Mag. Karl Zillinger: Stadtspazierg\u00e4nge, &quot;Gr\u00e4tzelf\u00fchrungen&quot;, Spezialtouren in und rund um Wien. Jetzt anmelden!\" \/>\n<meta property=\"og:url\" content=\"https:\/\/zillinger4vienna.at\/en\/2019\/11\/15\/weihnachten-und-jahreswechsel-in-wien\/\" \/>\n<meta property=\"og:site_name\" content=\"Zillinger4Vienna\" \/>\n<meta property=\"article:published_time\" content=\"2019-11-15T08:25:43+00:00\" \/>\n<meta property=\"article:modified_time\" content=\"2021-04-24T11:27:57+00:00\" \/>\n<meta property=\"og:image\" content=\"https:\/\/zillinger4vienna.at\/wp-content\/uploads\/2021\/02\/Sankt-Michaels-Kirche-Wien-1-scaled.jpg\" \/>\n\t<meta property=\"og:image:width\" content=\"1707\" \/>\n\t<meta property=\"og:image:height\" content=\"2560\" \/>\n\t<meta property=\"og:image:type\" content=\"image\/jpeg\" \/>\n<meta name=\"author\" content=\"ww21\" \/>\n<meta name=\"twitter:card\" content=\"summary_large_image\" \/>\n<meta name=\"twitter:label1\" content=\"Written by\" \/>\n\t<meta name=\"twitter:data1\" content=\"ww21\" \/>\n\t<meta name=\"twitter:label2\" content=\"Estimated reading time\" \/>\n\t<meta name=\"twitter:data2\" content=\"1 minute\" \/>\n<script type=\"application\/ld+json\" class=\"yoast-schema-graph\">{\"@context\":\"https:\/\/schema.org\",\"@graph\":[{\"@type\":\"WebPage\",\"@id\":\"https:\/\/zillinger4vienna.at\/en\/2019\/11\/15\/weihnachten-und-jahreswechsel-in-wien\/\",\"url\":\"https:\/\/zillinger4vienna.at\/en\/2019\/11\/15\/weihnachten-und-jahreswechsel-in-wien\/\",\"name\":\"Von Wien um 1900 zu Weihnachtsbr\u00e4uchen und den Jahreswechsel\",\"isPartOf\":{\"@id\":\"https:\/\/zillinger4vienna.at\/de\/#website\"},\"primaryImageOfPage\":{\"@id\":\"https:\/\/zillinger4vienna.at\/en\/2019\/11\/15\/weihnachten-und-jahreswechsel-in-wien\/#primaryimage\"},\"image\":{\"@id\":\"https:\/\/zillinger4vienna.at\/en\/2019\/11\/15\/weihnachten-und-jahreswechsel-in-wien\/#primaryimage\"},\"thumbnailUrl\":\"https:\/\/zillinger4vienna.at\/wp-content\/uploads\/2021\/02\/Sankt-Michaels-Kirche-Wien-1-scaled.jpg\",\"datePublished\":\"2019-11-15T08:25:43+00:00\",\"dateModified\":\"2021-04-24T11:27:57+00:00\",\"author\":{\"@id\":\"https:\/\/zillinger4vienna.at\/de\/#\/schema\/person\/f50e3cccffe0cd8c21597b95cba06c5d\"},\"description\":\"Zertifizierter Austria Guide Mag. Karl Zillinger: Stadtspazierg\u00e4nge, \\\"Gr\u00e4tzelf\u00fchrungen\\\", Spezialtouren in und rund um Wien. Jetzt anmelden!\",\"breadcrumb\":{\"@id\":\"https:\/\/zillinger4vienna.at\/en\/2019\/11\/15\/weihnachten-und-jahreswechsel-in-wien\/#breadcrumb\"},\"inLanguage\":\"en-GB\",\"potentialAction\":[{\"@type\":\"ReadAction\",\"target\":[\"https:\/\/zillinger4vienna.at\/en\/2019\/11\/15\/weihnachten-und-jahreswechsel-in-wien\/\"]}]},{\"@type\":\"ImageObject\",\"inLanguage\":\"en-GB\",\"@id\":\"https:\/\/zillinger4vienna.at\/en\/2019\/11\/15\/weihnachten-und-jahreswechsel-in-wien\/#primaryimage\",\"url\":\"https:\/\/zillinger4vienna.at\/wp-content\/uploads\/2021\/02\/Sankt-Michaels-Kirche-Wien-1-scaled.jpg\",\"contentUrl\":\"https:\/\/zillinger4vienna.at\/wp-content\/uploads\/2021\/02\/Sankt-Michaels-Kirche-Wien-1-scaled.jpg\",\"width\":1707,\"height\":2560},{\"@type\":\"BreadcrumbList\",\"@id\":\"https:\/\/zillinger4vienna.at\/en\/2019\/11\/15\/weihnachten-und-jahreswechsel-in-wien\/#breadcrumb\",\"itemListElement\":[{\"@type\":\"ListItem\",\"position\":1,\"name\":\"Startseite\",\"item\":\"https:\/\/zillinger4vienna.at\/\"},{\"@type\":\"ListItem\",\"position\":2,\"name\":\"Von Wien um 1900 zu Weihnachtsbr\u00e4uchen und den Jahreswechsel\"}]},{\"@type\":\"WebSite\",\"@id\":\"https:\/\/zillinger4vienna.at\/de\/#website\",\"url\":\"https:\/\/zillinger4vienna.at\/de\/\",\"name\":\"Zillinger4Vienna\",\"description\":\"Unvergessliche Stadtf\u00fchrungen in Wien\",\"potentialAction\":[{\"@type\":\"SearchAction\",\"target\":{\"@type\":\"EntryPoint\",\"urlTemplate\":\"https:\/\/zillinger4vienna.at\/de\/?s={search_term_string}\"},\"query-input\":{\"@type\":\"PropertyValueSpecification\",\"valueRequired\":true,\"valueName\":\"search_term_string\"}}],\"inLanguage\":\"en-GB\"},{\"@type\":\"Person\",\"@id\":\"https:\/\/zillinger4vienna.at\/de\/#\/schema\/person\/f50e3cccffe0cd8c21597b95cba06c5d\",\"name\":\"ww21\",\"sameAs\":[\"https:\/\/zillinger4vienna.at\"],\"url\":\"https:\/\/zillinger4vienna.at\/en\/author\/ww21\/\"}]}<\/script>\n<!-- \/ Yoast SEO plugin. -->","yoast_head_json":{"title":"Von Wien um 1900 zu Weihnachtsbr\u00e4uchen und den Jahreswechsel","description":"Zertifizierter Austria Guide Mag. Karl Zillinger: Stadtspazierg\u00e4nge, \"Gr\u00e4tzelf\u00fchrungen\", Spezialtouren in und rund um Wien. Jetzt anmelden!","robots":{"index":"index","follow":"follow","max-snippet":"max-snippet:-1","max-image-preview":"max-image-preview:large","max-video-preview":"max-video-preview:-1"},"canonical":"https:\/\/zillinger4vienna.at\/en\/2019\/11\/15\/weihnachten-und-jahreswechsel-in-wien\/","og_locale":"en_GB","og_type":"article","og_title":"Von Wien um 1900 zu Weihnachtsbr\u00e4uchen und den Jahreswechsel","og_description":"Zertifizierter Austria Guide Mag. Karl Zillinger: Stadtspazierg\u00e4nge, \"Gr\u00e4tzelf\u00fchrungen\", Spezialtouren in und rund um Wien. Jetzt anmelden!","og_url":"https:\/\/zillinger4vienna.at\/en\/2019\/11\/15\/weihnachten-und-jahreswechsel-in-wien\/","og_site_name":"Zillinger4Vienna","article_published_time":"2019-11-15T08:25:43+00:00","article_modified_time":"2021-04-24T11:27:57+00:00","og_image":[{"width":1707,"height":2560,"url":"https:\/\/zillinger4vienna.at\/wp-content\/uploads\/2021\/02\/Sankt-Michaels-Kirche-Wien-1-scaled.jpg","type":"image\/jpeg"}],"author":"ww21","twitter_card":"summary_large_image","twitter_misc":{"Written by":"ww21","Estimated reading time":"1 minute"},"schema":{"@context":"https:\/\/schema.org","@graph":[{"@type":"WebPage","@id":"https:\/\/zillinger4vienna.at\/en\/2019\/11\/15\/weihnachten-und-jahreswechsel-in-wien\/","url":"https:\/\/zillinger4vienna.at\/en\/2019\/11\/15\/weihnachten-und-jahreswechsel-in-wien\/","name":"Von Wien um 1900 zu Weihnachtsbr\u00e4uchen und den Jahreswechsel","isPartOf":{"@id":"https:\/\/zillinger4vienna.at\/de\/#website"},"primaryImageOfPage":{"@id":"https:\/\/zillinger4vienna.at\/en\/2019\/11\/15\/weihnachten-und-jahreswechsel-in-wien\/#primaryimage"},"image":{"@id":"https:\/\/zillinger4vienna.at\/en\/2019\/11\/15\/weihnachten-und-jahreswechsel-in-wien\/#primaryimage"},"thumbnailUrl":"https:\/\/zillinger4vienna.at\/wp-content\/uploads\/2021\/02\/Sankt-Michaels-Kirche-Wien-1-scaled.jpg","datePublished":"2019-11-15T08:25:43+00:00","dateModified":"2021-04-24T11:27:57+00:00","author":{"@id":"https:\/\/zillinger4vienna.at\/de\/#\/schema\/person\/f50e3cccffe0cd8c21597b95cba06c5d"},"description":"Zertifizierter Austria Guide Mag. Karl Zillinger: Stadtspazierg\u00e4nge, \"Gr\u00e4tzelf\u00fchrungen\", Spezialtouren in und rund um Wien. Jetzt anmelden!","breadcrumb":{"@id":"https:\/\/zillinger4vienna.at\/en\/2019\/11\/15\/weihnachten-und-jahreswechsel-in-wien\/#breadcrumb"},"inLanguage":"en-GB","potentialAction":[{"@type":"ReadAction","target":["https:\/\/zillinger4vienna.at\/en\/2019\/11\/15\/weihnachten-und-jahreswechsel-in-wien\/"]}]},{"@type":"ImageObject","inLanguage":"en-GB","@id":"https:\/\/zillinger4vienna.at\/en\/2019\/11\/15\/weihnachten-und-jahreswechsel-in-wien\/#primaryimage","url":"https:\/\/zillinger4vienna.at\/wp-content\/uploads\/2021\/02\/Sankt-Michaels-Kirche-Wien-1-scaled.jpg","contentUrl":"https:\/\/zillinger4vienna.at\/wp-content\/uploads\/2021\/02\/Sankt-Michaels-Kirche-Wien-1-scaled.jpg","width":1707,"height":2560},{"@type":"BreadcrumbList","@id":"https:\/\/zillinger4vienna.at\/en\/2019\/11\/15\/weihnachten-und-jahreswechsel-in-wien\/#breadcrumb","itemListElement":[{"@type":"ListItem","position":1,"name":"Startseite","item":"https:\/\/zillinger4vienna.at\/"},{"@type":"ListItem","position":2,"name":"Von Wien um 1900 zu Weihnachtsbr\u00e4uchen und den Jahreswechsel"}]},{"@type":"WebSite","@id":"https:\/\/zillinger4vienna.at\/de\/#website","url":"https:\/\/zillinger4vienna.at\/de\/","name":"Zillinger4Vienna","description":"Unvergessliche Stadtf\u00fchrungen in Wien","potentialAction":[{"@type":"SearchAction","target":{"@type":"EntryPoint","urlTemplate":"https:\/\/zillinger4vienna.at\/de\/?s={search_term_string}"},"query-input":{"@type":"PropertyValueSpecification","valueRequired":true,"valueName":"search_term_string"}}],"inLanguage":"en-GB"},{"@type":"Person","@id":"https:\/\/zillinger4vienna.at\/de\/#\/schema\/person\/f50e3cccffe0cd8c21597b95cba06c5d","name":"ww21","sameAs":["https:\/\/zillinger4vienna.at"],"url":"https:\/\/zillinger4vienna.at\/en\/author\/ww21\/"}]}},"_links":{"self":[{"href":"https:\/\/zillinger4vienna.at\/en\/wp-json\/wp\/v2\/posts\/10736","targetHints":{"allow":["GET"]}}],"collection":[{"href":"https:\/\/zillinger4vienna.at\/en\/wp-json\/wp\/v2\/posts"}],"about":[{"href":"https:\/\/zillinger4vienna.at\/en\/wp-json\/wp\/v2\/types\/post"}],"author":[{"embeddable":true,"href":"https:\/\/zillinger4vienna.at\/en\/wp-json\/wp\/v2\/users\/1"}],"replies":[{"embeddable":true,"href":"https:\/\/zillinger4vienna.at\/en\/wp-json\/wp\/v2\/comments?post=10736"}],"version-history":[{"count":10,"href":"https:\/\/zillinger4vienna.at\/en\/wp-json\/wp\/v2\/posts\/10736\/revisions"}],"predecessor-version":[{"id":17565,"href":"https:\/\/zillinger4vienna.at\/en\/wp-json\/wp\/v2\/posts\/10736\/revisions\/17565"}],"wp:featuredmedia":[{"embeddable":true,"href":"https:\/\/zillinger4vienna.at\/en\/wp-json\/wp\/v2\/media\/15929"}],"wp:attachment":[{"href":"https:\/\/zillinger4vienna.at\/en\/wp-json\/wp\/v2\/media?parent=10736"}],"wp:term":[{"taxonomy":"category","embeddable":true,"href":"https:\/\/zillinger4vienna.at\/en\/wp-json\/wp\/v2\/categories?post=10736"},{"taxonomy":"post_tag","embeddable":true,"href":"https:\/\/zillinger4vienna.at\/en\/wp-json\/wp\/v2\/tags?post=10736"}],"curies":[{"name":"wp","href":"https:\/\/api.w.org\/{rel}","templated":true}]}}