{"id":87,"date":"2021-01-01T12:08:47","date_gmt":"2021-01-01T11:08:47","guid":{"rendered":"http:\/\/welfare.cmsmasters.net\/?p=87"},"modified":"2021-03-11T12:48:37","modified_gmt":"2021-03-11T11:48:37","slug":"kunst-in-wien-damals-und-heute","status":"publish","type":"post","link":"https:\/\/zillinger4vienna.at\/de\/2021\/01\/01\/kunst-in-wien-damals-und-heute\/","title":{"rendered":"Art Tour \u2013 Wiens K\u00fcnste damals &#038; heute"},"content":{"rendered":"<div id=\"cmsmasters_row_\" class=\"cmsmasters_row cmsmasters_color_scheme_default cmsmasters_row_top_default cmsmasters_row_bot_default cmsmasters_row_boxed\">\n<div class=\"cmsmasters_row_outer_parent\">\n<div class=\"cmsmasters_row_outer\">\n<div class=\"cmsmasters_row_inner\">\n<div class=\"cmsmasters_row_margin\">\n<div id=\"cmsmasters_column_\" class=\"cmsmasters_column one_first\">\n<div class=\"cmsmasters_column_inner\"><div class=\"cmsmasters_text\">\n<h4 style=\"padding-left: 40px;\">Als ausgebildeter und begeisterter Kunstvermittler f\u00fchre ich Sie durch die aktuellen Ausstellungen und bekanntesten Museen Wiens. Kommen Sie mit!<\/h4>\n<p><span style=\"color: #000000;\">Dazu geh\u00f6ren: Albertina und die Graphische Sammlung, Kunsthistorisches Museum und die gr\u00f6\u00dfte Bruegel-Sammlung der Welt, die Sammlung Batliner und die \u00d6sterreichische Gem\u00e4ldegalerie im Belvedere. Von D\u00fcrer bis Schiele, von fl\u00e4mischer bis zu italienischer Malerei, von Renaissance bis zum Klassizismus \u2013 in Wien gibt es ein vielf\u00e4ltiges Kunstangebot.<\/span><\/p>\n<p><span style=\"color: #000000;\">Ich freue mich auf Sie!<\/span><\/p>\n<p>&nbsp;<\/p>\n<p><span style=\"color: #bababa;\">As a certified Austria guide I can show you all the current exhibitions in Vienna\u2019s museums: e.g. the Albertina\u2019s graphic collections with works by D\u00fcrer and Schiele or its Monet and Picasso paintings. Or would you like to see the biggest collection of Breughel paintings in the world or Flemish, German and Italian paintings from the Renaissance times to Classicism in the Art History Museum or maybe art by Klimt and Schiele in comparison to works by Van Gogh, Renoir and Munch in the Austrian Painting Gallery in Belvedere castle. <\/span><\/p>\n<p><span style=\"color: #bababa;\">Follow me on my tours!<\/span><\/p>\n<\/div>\n<\/div><\/div>\n<\/div>\n<\/div>\n<\/div>\n<\/div>\n<\/div>\n<div id=\"cmsmasters_row_my5w5r0aie\" class=\"cmsmasters_row cmsmasters_color_scheme_default cmsmasters_row_top_default cmsmasters_row_bot_default cmsmasters_row_boxed\">\n<div class=\"cmsmasters_row_outer_parent\">\n<div class=\"cmsmasters_row_outer\">\n<div class=\"cmsmasters_row_inner\">\n<div class=\"cmsmasters_row_margin\">\n<div id=\"cmsmasters_column_hztg42rul\" class=\"cmsmasters_column one_first\">\n<div class=\"cmsmasters_column_inner\">\n<div class=\"cmsmasters_sidebar sidebar_layout_11\"><aside id=\"tribe-events-list-widget-12\" class=\"widget tribe-events-list-widget\"><h3 class=\"widgettitle\">Upcoming Events<\/h3>\n\t<ol class=\"hfeed vcalendar\">\n\t\t\t\t\t<li class=\"tribe-events-list-widget-events type-tribe_events post-18369 tribe-clearfix tribe-events-venue-17719 tribe-events-last\">\n\t\t\t\t<div class=\"cmsmasters_event_big_date\">\n\t\t\t\t\t<div class=\"cmsmasters_event_big_day\">08<\/div>\n\t\t\t\t\t<div class=\"cmsmasters_event_big_date_ovh\">\n\t\t\t\t\t\t<div class=\"cmsmasters_event_big_month\">Mai<\/div>\n\t\t\t\t\t\t<div class=\"cmsmasters_event_big_week\">Freitag<\/div>\n\t\t\t\t\t<\/div>\n\t\t\t\t<\/div>\n\t\t\t\t\t\t\t\t<div class=\"tribe-events-event-image\">\n\t\t\t\t\t<figure class=\"cmsmasters_img_wrap\"><a href=\"https:\/\/zillinger4vienna.at\/wp-content\/uploads\/2022\/05\/Schnitzler.jpg\" title=\"Schnitzlers Wien: Gesellschaft, Politik und Kultur um 1900 in Wien\" rel=\"ilightbox[1_69f4be2a04558]\" class=\"cmsmasters_img_link\"><img decoding=\"async\" width=\"180\" height=\"180\" src=\"https:\/\/zillinger4vienna.at\/wp-content\/uploads\/2022\/05\/Schnitzler-180x180.jpg\" class=\" wp-post-image\" alt=\"Schnitzlers Wien: Gesellschaft, Politik und Kultur um 1900 in Wien\" title=\"Schnitzlers Wien: Gesellschaft, Politik und Kultur um 1900 in Wien\" srcset=\"https:\/\/zillinger4vienna.at\/wp-content\/uploads\/2022\/05\/Schnitzler-180x180.jpg 180w, https:\/\/zillinger4vienna.at\/wp-content\/uploads\/2022\/05\/Schnitzler-150x150.jpg 150w, https:\/\/zillinger4vienna.at\/wp-content\/uploads\/2022\/05\/Schnitzler-580x580.jpg 580w\" sizes=\"(max-width: 180px) 100vw, 180px\" \/><\/a><\/figure>\t\t\t\t<\/div>\n\t\t\t\t\t\t\t\t<div class=\"tribe-events-list-widget-content-wrap\">\n\t\t\t\t\t\t\t\t\t\t<!-- Event Title -->\n\t\t\t\t\t<h5 class=\"entry-title summary\">\n\t\t\t\t\t\t<a href=\"https:\/\/zillinger4vienna.at\/de\/fuehrung\/schnitzlers-wien-gesellschaft-politik-und-kultur-um-1900-in-wien\/\" rel=\"bookmark\">Schnitzlers Wien: Gesellschaft, Politik und Kultur um 1900 in Wien<\/a>\n\t\t\t\t\t<\/h5>\n\t\t\t\t\t\n\t\t\t\t\t\t\t\t\t\t<!-- Event Time -->\n\t\t\t\t\t\n\t\t\t\t\t\t\t\t\t\t\n\t\t\t\t\t<div class=\"tribe-events-event-meta vcard\">\n\t\t\t\t\t\t<div class=\"author \">\n\t\t\t\t\t\t\t\n\t\t\t\t\t\t\t<!-- Schedule & Recurrence Details -->\n\t\t\t\t\t\t\t<div class=\"updated published time-details\">\n\t\t\t\t\t\t\t\t<span class=\"tribe-event-date-start\">8. Mai  \/  10:00<\/span> \u2012 <span class=\"tribe-event-time\">12:00<\/span>\t\t\t\t\t\t\t<\/div>\n\n\t\t\t\t\t\t\t\t\t\t\t\t\t\t\t<!-- Venue Display Info -->\n\t\t\t\t\t\t\t\t<div class=\"tribe-events-venue-details\">\n\t\t\t\t\t\t\t\t\t<span class=\"tribe-address\">\n\n\n\n\n\n\n<\/span>\n\t\t\t\t\t\t\t\t<\/div> <!-- .tribe-events-venue-details -->\n\t\t\t\t\t\t\t\t\t\t\t\t\t\t\n\t\t\t\t\t\t\t\n\t\t\t\t\t\t\t<div class=\"tribe-events-list-event-description tribe-events-content description entry-summary\">\n\t\t\t\t\t\t\t\t<p>Treffpunkt: Nestroy-Denkmal<\/p>\n\t\t\t\t\t\t\t<\/div>\n\t\t\t\t\t\t<\/div>\n\t\t\t\t\t<\/div><!-- .tribe-events-event-meta -->\n\n\t\t\t\t\t\t\t\t\t<\/div>\n\t\t\t\t<div class=\"cmsmasters_events_more\">\n\t\t\t\t\t<a href=\"https:\/\/zillinger4vienna.at\/de\/fuehrung\/schnitzlers-wien-gesellschaft-politik-und-kultur-um-1900-in-wien\/\" class=\"tribe-events-read-more button\" rel=\"bookmark\">View event<\/a>\n\t\t\t\t<\/div>\n\t\t\t<\/li>\n\t\t\t\t\t<li class=\"tribe-events-list-widget-events type-tribe_events post-18371 tribe-clearfix tribe-events-venue-18372 tribe-events-last\">\n\t\t\t\t<div class=\"cmsmasters_event_big_date\">\n\t\t\t\t\t<div class=\"cmsmasters_event_big_day\">22<\/div>\n\t\t\t\t\t<div class=\"cmsmasters_event_big_date_ovh\">\n\t\t\t\t\t\t<div class=\"cmsmasters_event_big_month\">Mai<\/div>\n\t\t\t\t\t\t<div class=\"cmsmasters_event_big_week\">Freitag<\/div>\n\t\t\t\t\t<\/div>\n\t\t\t\t<\/div>\n\t\t\t\t\t\t\t\t<div class=\"tribe-events-event-image\">\n\t\t\t\t\t<figure class=\"cmsmasters_img_wrap\"><a href=\"https:\/\/zillinger4vienna.at\/wp-content\/uploads\/2026\/01\/Von-C.StadlerBwag-Eigenes-Werk-CC-BY-SA-4.0-https-commons.wikimedia.orgwindex.phpcurid57455101.png\" title=\"Natur und Denkmal in Wien: Hermesvilla und Lainzer Tiergarten\" rel=\"ilightbox[1_69f4be2a05be4]\" class=\"cmsmasters_img_link\"><img decoding=\"async\" width=\"180\" height=\"180\" src=\"https:\/\/zillinger4vienna.at\/wp-content\/uploads\/2026\/01\/Von-C.StadlerBwag-Eigenes-Werk-CC-BY-SA-4.0-https-commons.wikimedia.orgwindex.phpcurid57455101-180x180.png\" class=\" wp-post-image\" alt=\"Natur und Denkmal in Wien: Hermesvilla und Lainzer Tiergarten\" title=\"Natur und Denkmal in Wien: Hermesvilla und Lainzer Tiergarten\" srcset=\"https:\/\/zillinger4vienna.at\/wp-content\/uploads\/2026\/01\/Von-C.StadlerBwag-Eigenes-Werk-CC-BY-SA-4.0-https-commons.wikimedia.orgwindex.phpcurid57455101-180x180.png 180w, https:\/\/zillinger4vienna.at\/wp-content\/uploads\/2026\/01\/Von-C.StadlerBwag-Eigenes-Werk-CC-BY-SA-4.0-https-commons.wikimedia.orgwindex.phpcurid57455101-150x150.png 150w\" sizes=\"(max-width: 180px) 100vw, 180px\" \/><\/a><\/figure>\t\t\t\t<\/div>\n\t\t\t\t\t\t\t\t<div class=\"tribe-events-list-widget-content-wrap\">\n\t\t\t\t\t\t\t\t\t\t<!-- Event Title -->\n\t\t\t\t\t<h5 class=\"entry-title summary\">\n\t\t\t\t\t\t<a href=\"https:\/\/zillinger4vienna.at\/de\/fuehrung\/natur-und-denkmal-in-wien-hermesvilla-und-lainzer-tiergarten\/\" rel=\"bookmark\">Natur und Denkmal in Wien: Hermesvilla und Lainzer Tiergarten<\/a>\n\t\t\t\t\t<\/h5>\n\t\t\t\t\t\n\t\t\t\t\t\t\t\t\t\t<!-- Event Time -->\n\t\t\t\t\t\n\t\t\t\t\t\t\t\t\t\t\n\t\t\t\t\t<div class=\"tribe-events-event-meta vcard\">\n\t\t\t\t\t\t<div class=\"author \">\n\t\t\t\t\t\t\t\n\t\t\t\t\t\t\t<!-- Schedule & Recurrence Details -->\n\t\t\t\t\t\t\t<div class=\"updated published time-details\">\n\t\t\t\t\t\t\t\t<span class=\"tribe-event-date-start\">22. Mai  \/  10:00<\/span> \u2012 <span class=\"tribe-event-time\">12:00<\/span>\t\t\t\t\t\t\t<\/div>\n\n\t\t\t\t\t\t\t\t\t\t\t\t\t\t\t<!-- Venue Display Info -->\n\t\t\t\t\t\t\t\t<div class=\"tribe-events-venue-details\">\n\t\t\t\t\t\t\t\t\t<span class=\"tribe-address\">\n\n\n\n\n\n\n<\/span>\n\t\t\t\t\t\t\t\t<\/div> <!-- .tribe-events-venue-details -->\n\t\t\t\t\t\t\t\t\t\t\t\t\t\t\n\t\t\t\t\t\t\t\n\t\t\t\t\t\t\t<div class=\"tribe-events-list-event-description tribe-events-content description entry-summary\">\n\t\t\t\t\t\t\t\t<p>Treffpunkt: Lainzer Tor(\u00a9&nbsp; C.Stadler\/Bwag - Eigenes Werk, CC BY-SA 4.0)<\/p>\n\t\t\t\t\t\t\t<\/div>\n\t\t\t\t\t\t<\/div>\n\t\t\t\t\t<\/div><!-- .tribe-events-event-meta -->\n\n\t\t\t\t\t\t\t\t\t<\/div>\n\t\t\t\t<div class=\"cmsmasters_events_more\">\n\t\t\t\t\t<a href=\"https:\/\/zillinger4vienna.at\/de\/fuehrung\/natur-und-denkmal-in-wien-hermesvilla-und-lainzer-tiergarten\/\" class=\"tribe-events-read-more button\" rel=\"bookmark\">View event<\/a>\n\t\t\t\t<\/div>\n\t\t\t<\/li>\n\t\t\t\t\t<li class=\"tribe-events-list-widget-events type-tribe_events post-18376 tribe-clearfix tribe-events-category-architektur tribe-events-category-geschichte tribe-events-category-prater tribe-events-category-stadtspaziergang tribe-events-venue-16432 tribe-events-last\">\n\t\t\t\t<div class=\"cmsmasters_event_big_date\">\n\t\t\t\t\t<div class=\"cmsmasters_event_big_day\">12<\/div>\n\t\t\t\t\t<div class=\"cmsmasters_event_big_date_ovh\">\n\t\t\t\t\t\t<div class=\"cmsmasters_event_big_month\">Juni<\/div>\n\t\t\t\t\t\t<div class=\"cmsmasters_event_big_week\">Freitag<\/div>\n\t\t\t\t\t<\/div>\n\t\t\t\t<\/div>\n\t\t\t\t\t\t\t\t<div class=\"tribe-events-event-image\">\n\t\t\t\t\t<figure class=\"cmsmasters_img_wrap\"><a href=\"https:\/\/zillinger4vienna.at\/wp-content\/uploads\/2024\/09\/vienna-prater-riesenrad.jpg\" title=\"Das Pratercottage in Wien: Villen, Gr\u00fcnderzeit und ihre Familiengeschichten\u00a0\" rel=\"ilightbox[1_69f4be2a06f76]\" class=\"cmsmasters_img_link\"><img decoding=\"async\" width=\"180\" height=\"180\" src=\"https:\/\/zillinger4vienna.at\/wp-content\/uploads\/2024\/09\/vienna-prater-riesenrad-180x180.jpg\" class=\" wp-post-image\" alt=\"Das Pratercottage in Wien: Villen, Gr\u00fcnderzeit und ihre Familiengeschichten\u00a0\" title=\"Das Pratercottage in Wien: Villen, Gr\u00fcnderzeit und ihre Familiengeschichten\u00a0\" srcset=\"https:\/\/zillinger4vienna.at\/wp-content\/uploads\/2024\/09\/vienna-prater-riesenrad-180x180.jpg 180w, https:\/\/zillinger4vienna.at\/wp-content\/uploads\/2024\/09\/vienna-prater-riesenrad-150x150.jpg 150w, https:\/\/zillinger4vienna.at\/wp-content\/uploads\/2024\/09\/vienna-prater-riesenrad-580x580.jpg 580w\" sizes=\"(max-width: 180px) 100vw, 180px\" \/><\/a><\/figure>\t\t\t\t<\/div>\n\t\t\t\t\t\t\t\t<div class=\"tribe-events-list-widget-content-wrap\">\n\t\t\t\t\t\t\t\t\t\t<!-- Event Title -->\n\t\t\t\t\t<h5 class=\"entry-title summary\">\n\t\t\t\t\t\t<a href=\"https:\/\/zillinger4vienna.at\/de\/fuehrung\/das-pratercottage-in-wien-villen-gruenderzeit-und-ihre-familiengeschichten\/\" rel=\"bookmark\">Das Pratercottage in Wien: Villen, Gr\u00fcnderzeit und ihre Familiengeschichten\u00a0<\/a>\n\t\t\t\t\t<\/h5>\n\t\t\t\t\t\n\t\t\t\t\t\t\t\t\t\t<!-- Event Time -->\n\t\t\t\t\t\n\t\t\t\t\t\t\t\t\t\t\n\t\t\t\t\t<div class=\"tribe-events-event-meta vcard\">\n\t\t\t\t\t\t<div class=\"author \">\n\t\t\t\t\t\t\t\n\t\t\t\t\t\t\t<!-- Schedule & Recurrence Details -->\n\t\t\t\t\t\t\t<div class=\"updated published time-details\">\n\t\t\t\t\t\t\t\t<span class=\"tribe-event-date-start\">12. Juni  \/  10:00<\/span> \u2012 <span class=\"tribe-event-time\">12:00<\/span>\t\t\t\t\t\t\t<\/div>\n\n\t\t\t\t\t\t\t\t\t\t\t\t\t\t\t<!-- Venue Display Info -->\n\t\t\t\t\t\t\t\t<div class=\"tribe-events-venue-details\">\n\t\t\t\t\t\t\t\t\t<span class=\"tribe-address\">\n\n\n\n\n\n\n<\/span>\n\t\t\t\t\t\t\t\t<\/div> <!-- .tribe-events-venue-details -->\n\t\t\t\t\t\t\t\t\t\t\t\t\t\t\n\t\t\t\t\t\t\t\n\t\t\t\t\t\t\t<div class=\"tribe-events-list-event-description tribe-events-content description entry-summary\">\n\t\t\t\t\t\t\t\t<p>Eingang: Riesenrad<\/p>\n\t\t\t\t\t\t\t<\/div>\n\t\t\t\t\t\t<\/div>\n\t\t\t\t\t<\/div><!-- .tribe-events-event-meta -->\n\n\t\t\t\t\t\t\t\t\t<\/div>\n\t\t\t\t<div class=\"cmsmasters_events_more\">\n\t\t\t\t\t<a href=\"https:\/\/zillinger4vienna.at\/de\/fuehrung\/das-pratercottage-in-wien-villen-gruenderzeit-und-ihre-familiengeschichten\/\" class=\"tribe-events-read-more button\" rel=\"bookmark\">View event<\/a>\n\t\t\t\t<\/div>\n\t\t\t<\/li>\n\t\t\t\t\t<li class=\"tribe-events-list-widget-events type-tribe_events post-18378 tribe-clearfix tribe-events-category-architektur tribe-events-category-denkmaeler tribe-events-category-fruehling tribe-events-category-natur tribe-events-category-stadtspaziergang tribe-events-category-zu-fuss tribe-events-venue-18379 tribe-events-last\">\n\t\t\t\t<div class=\"cmsmasters_event_big_date\">\n\t\t\t\t\t<div class=\"cmsmasters_event_big_day\">29<\/div>\n\t\t\t\t\t<div class=\"cmsmasters_event_big_date_ovh\">\n\t\t\t\t\t\t<div class=\"cmsmasters_event_big_month\">Juni<\/div>\n\t\t\t\t\t\t<div class=\"cmsmasters_event_big_week\">Montag<\/div>\n\t\t\t\t\t<\/div>\n\t\t\t\t<\/div>\n\t\t\t\t\t\t\t\t<div class=\"tribe-events-event-image\">\n\t\t\t\t\t<figure class=\"cmsmasters_img_wrap\"><a href=\"https:\/\/zillinger4vienna.at\/wp-content\/uploads\/2026\/01\/Hietzing2-26.png\" title=\"Hietzing und seine Villen beim Schlossgarten Sch\u00f6nbrunn\" rel=\"ilightbox[1_69f4be2a08233]\" class=\"cmsmasters_img_link\"><img decoding=\"async\" width=\"180\" height=\"180\" src=\"https:\/\/zillinger4vienna.at\/wp-content\/uploads\/2026\/01\/Hietzing2-26-180x180.png\" class=\" wp-post-image\" alt=\"Hietzing und seine Villen beim Schlossgarten Sch\u00f6nbrunn\" title=\"Hietzing und seine Villen beim Schlossgarten Sch\u00f6nbrunn\" srcset=\"https:\/\/zillinger4vienna.at\/wp-content\/uploads\/2026\/01\/Hietzing2-26-180x180.png 180w, https:\/\/zillinger4vienna.at\/wp-content\/uploads\/2026\/01\/Hietzing2-26-150x150.png 150w, https:\/\/zillinger4vienna.at\/wp-content\/uploads\/2026\/01\/Hietzing2-26-580x580.png 580w\" sizes=\"(max-width: 180px) 100vw, 180px\" \/><\/a><\/figure>\t\t\t\t<\/div>\n\t\t\t\t\t\t\t\t<div class=\"tribe-events-list-widget-content-wrap\">\n\t\t\t\t\t\t\t\t\t\t<!-- Event Title -->\n\t\t\t\t\t<h5 class=\"entry-title summary\">\n\t\t\t\t\t\t<a href=\"https:\/\/zillinger4vienna.at\/de\/fuehrung\/hietzing-und-seine-villen-beim-schlossgarten-schoenbrunn\/\" rel=\"bookmark\">Hietzing und seine Villen beim Schlossgarten Sch\u00f6nbrunn<\/a>\n\t\t\t\t\t<\/h5>\n\t\t\t\t\t\n\t\t\t\t\t\t\t\t\t\t<!-- Event Time -->\n\t\t\t\t\t\n\t\t\t\t\t\t\t\t\t\t\n\t\t\t\t\t<div class=\"tribe-events-event-meta vcard\">\n\t\t\t\t\t\t<div class=\"author \">\n\t\t\t\t\t\t\t\n\t\t\t\t\t\t\t<!-- Schedule & Recurrence Details -->\n\t\t\t\t\t\t\t<div class=\"updated published time-details\">\n\t\t\t\t\t\t\t\t<span class=\"tribe-event-date-start\">29. Juni  \/  10:00<\/span> \u2012 <span class=\"tribe-event-time\">12:00<\/span>\t\t\t\t\t\t\t<\/div>\n\n\t\t\t\t\t\t\t\t\t\t\t\t\t\t\t<!-- Venue Display Info -->\n\t\t\t\t\t\t\t\t<div class=\"tribe-events-venue-details\">\n\t\t\t\t\t\t\t\t\t<span class=\"tribe-address\">\n\n\n\n\n\n\n<\/span>\n\t\t\t\t\t\t\t\t<\/div> <!-- .tribe-events-venue-details -->\n\t\t\t\t\t\t\t\t\t\t\t\t\t\t\n\t\t\t\t\t\t\t\n\t\t\t\t\t\t\t<div class=\"tribe-events-list-event-description tribe-events-content description entry-summary\">\n\t\t\t\t\t\t\t\t<p>\u00a9 Tournasol7, CC BY-SA 4.0 Tournasol7, CC BY-SA 4.0, via Wikimedia Commons<\/p>\n\t\t\t\t\t\t\t<\/div>\n\t\t\t\t\t\t<\/div>\n\t\t\t\t\t<\/div><!-- .tribe-events-event-meta -->\n\n\t\t\t\t\t\t\t\t\t<\/div>\n\t\t\t\t<div class=\"cmsmasters_events_more\">\n\t\t\t\t\t<a href=\"https:\/\/zillinger4vienna.at\/de\/fuehrung\/hietzing-und-seine-villen-beim-schlossgarten-schoenbrunn\/\" class=\"tribe-events-read-more button\" rel=\"bookmark\">View event<\/a>\n\t\t\t\t<\/div>\n\t\t\t<\/li>\n\t\t\t\t\t<li class=\"tribe-events-list-widget-events type-tribe_events post-18384 tribe-clearfix tribe-events-category-denkmaeler tribe-events-category-geschichte tribe-events-category-zu-fuss tribe-events-venue-16461 tribe-events-last\">\n\t\t\t\t<div class=\"cmsmasters_event_big_date\">\n\t\t\t\t\t<div class=\"cmsmasters_event_big_day\">03<\/div>\n\t\t\t\t\t<div class=\"cmsmasters_event_big_date_ovh\">\n\t\t\t\t\t\t<div class=\"cmsmasters_event_big_month\">Juli<\/div>\n\t\t\t\t\t\t<div class=\"cmsmasters_event_big_week\">Freitag<\/div>\n\t\t\t\t\t<\/div>\n\t\t\t\t<\/div>\n\t\t\t\t\t\t\t\t<div class=\"tribe-events-event-image\">\n\t\t\t\t\t<figure class=\"cmsmasters_img_wrap\"><a href=\"https:\/\/zillinger4vienna.at\/wp-content\/uploads\/2026\/01\/university-vienna.png\" title=\"Juli 1927 in Wien: Der Justizpalast brennt! Schaupl\u00e4tze der Krise\" rel=\"ilightbox[1_69f4be2a09c0f]\" class=\"cmsmasters_img_link\"><img decoding=\"async\" width=\"180\" height=\"180\" src=\"https:\/\/zillinger4vienna.at\/wp-content\/uploads\/2026\/01\/university-vienna-180x180.png\" class=\" wp-post-image\" alt=\"Juli 1927 in Wien: Der Justizpalast brennt! Schaupl\u00e4tze der Krise\" title=\"Juli 1927 in Wien: Der Justizpalast brennt! Schaupl\u00e4tze der Krise\" srcset=\"https:\/\/zillinger4vienna.at\/wp-content\/uploads\/2026\/01\/university-vienna-180x180.png 180w, https:\/\/zillinger4vienna.at\/wp-content\/uploads\/2026\/01\/university-vienna-150x150.png 150w, https:\/\/zillinger4vienna.at\/wp-content\/uploads\/2026\/01\/university-vienna-580x580.png 580w\" sizes=\"(max-width: 180px) 100vw, 180px\" \/><\/a><\/figure>\t\t\t\t<\/div>\n\t\t\t\t\t\t\t\t<div class=\"tribe-events-list-widget-content-wrap\">\n\t\t\t\t\t\t\t\t\t\t<!-- Event Title -->\n\t\t\t\t\t<h5 class=\"entry-title summary\">\n\t\t\t\t\t\t<a href=\"https:\/\/zillinger4vienna.at\/de\/fuehrung\/juli-1927-in-wien-der-justizpalast-brennt-schauplaetze-der-krise\/\" rel=\"bookmark\">Juli 1927 in Wien: Der Justizpalast brennt! Schaupl\u00e4tze der Krise<\/a>\n\t\t\t\t\t<\/h5>\n\t\t\t\t\t\n\t\t\t\t\t\t\t\t\t\t<!-- Event Time -->\n\t\t\t\t\t\n\t\t\t\t\t\t\t\t\t\t\n\t\t\t\t\t<div class=\"tribe-events-event-meta vcard\">\n\t\t\t\t\t\t<div class=\"author \">\n\t\t\t\t\t\t\t\n\t\t\t\t\t\t\t<!-- Schedule & Recurrence Details -->\n\t\t\t\t\t\t\t<div class=\"updated published time-details\">\n\t\t\t\t\t\t\t\t<span class=\"tribe-event-date-start\">3. Juli  \/  10:00<\/span> \u2012 <span class=\"tribe-event-time\">12:00<\/span>\t\t\t\t\t\t\t<\/div>\n\n\t\t\t\t\t\t\t\t\t\t\t\t\t\t\t<!-- Venue Display Info -->\n\t\t\t\t\t\t\t\t<div class=\"tribe-events-venue-details\">\n\t\t\t\t\t\t\t\t\t<span class=\"tribe-address\">\n\n\n\n\n\n\n<\/span>\n\t\t\t\t\t\t\t\t<\/div> <!-- .tribe-events-venue-details -->\n\t\t\t\t\t\t\t\t\t\t\t\t\t\t\n\t\t\t\t\t\t\t\n\t\t\t\t\t\t\t<div class=\"tribe-events-list-event-description tribe-events-content description entry-summary\">\n\t\t\t\t\t\t\t\t<p>Treffpunkt: Eingang Universit\u00e4t Wien<\/p>\n\t\t\t\t\t\t\t<\/div>\n\t\t\t\t\t\t<\/div>\n\t\t\t\t\t<\/div><!-- .tribe-events-event-meta -->\n\n\t\t\t\t\t\t\t\t\t<\/div>\n\t\t\t\t<div class=\"cmsmasters_events_more\">\n\t\t\t\t\t<a href=\"https:\/\/zillinger4vienna.at\/de\/fuehrung\/juli-1927-in-wien-der-justizpalast-brennt-schauplaetze-der-krise\/\" class=\"tribe-events-read-more button\" rel=\"bookmark\">View event<\/a>\n\t\t\t\t<\/div>\n\t\t\t<\/li>\n\t\t\t<\/ol><!-- .hfeed -->\n\n\t<p class=\"tribe-events-widget-link\">\n\t\t<a href=\"https:\/\/zillinger4vienna.at\/de\/stadtfuehrungen\/\" rel=\"bookmark\">View All Veranstaltungen<\/a>\n\t<\/p>\n\n<\/aside><script type=\"application\/ld+json\">\r\n[{\"@context\":\"http:\/\/schema.org\",\"@type\":\"Event\",\"name\":\"Schnitzlers Wien: Gesellschaft, Politik und Kultur um 1900 in Wien\",\"description\":\"&lt;p&gt;Treffpunkt: Nestroy-Denkmal&lt;\/p&gt;\\\\n\",\"image\":\"https:\/\/zillinger4vienna.at\/wp-content\/uploads\/2022\/05\/Schnitzler.jpg\",\"url\":\"https:\/\/zillinger4vienna.at\/de\/fuehrung\/schnitzlers-wien-gesellschaft-politik-und-kultur-um-1900-in-wien\/\",\"startDate\":\"2026-05-08T10:00:00+02:00\",\"endDate\":\"2026-05-08T12:00:00+02:00\",\"location\":{\"@type\":\"Place\",\"name\":\"Nestroy Denkmal\",\"description\":\"\",\"url\":\"https:\/\/zillinger4vienna.at\/de\/veranstaltungsort\/nestroy-denkmal\/\",\"address\":{\"@type\":\"PostalAddress\",\"streetAddress\":\"Zirkusgasse 2\",\"addressRegion\":\"Wien\",\"postalCode\":\"1020\"},\"telephone\":\"\",\"sameAs\":\"\"},\"performer\":\"Organization\"},{\"@context\":\"http:\/\/schema.org\",\"@type\":\"Event\",\"name\":\"Natur und Denkmal in Wien: Hermesvilla und Lainzer Tiergarten\",\"description\":\"&lt;p&gt;Treffpunkt: Lainzer Tor(\\u00a9&nbsp; C.Stadler\/Bwag - Eigenes Werk, CC BY-SA 4.0)&lt;\/p&gt;\\\\n\",\"image\":\"https:\/\/zillinger4vienna.at\/wp-content\/uploads\/2026\/01\/Von-C.StadlerBwag-Eigenes-Werk-CC-BY-SA-4.0-https-commons.wikimedia.orgwindex.phpcurid57455101.png\",\"url\":\"https:\/\/zillinger4vienna.at\/de\/fuehrung\/natur-und-denkmal-in-wien-hermesvilla-und-lainzer-tiergarten\/\",\"startDate\":\"2026-05-22T10:00:00+02:00\",\"endDate\":\"2026-05-22T12:00:00+02:00\",\"location\":{\"@type\":\"Place\",\"name\":\"Lainzer Tor\",\"description\":\"\",\"url\":\"https:\/\/zillinger4vienna.at\/de\/veranstaltungsort\/lainzer-tor\/\",\"address\":{\"@type\":\"PostalAddress\",\"streetAddress\":\"Hermesstra\\u00dfe\",\"addressLocality\":\"Wien\",\"postalCode\":\"1130\",\"addressCountry\":\"Austria\"},\"telephone\":\"\",\"sameAs\":\"\"},\"performer\":\"Organization\"},{\"@context\":\"http:\/\/schema.org\",\"@type\":\"Event\",\"name\":\"Das Pratercottage in Wien: Villen, Gr\\u00fcnderzeit und ihre Familiengeschichten\\u00a0\",\"description\":\"&lt;p&gt;Eingang: Riesenrad&lt;\/p&gt;\\\\n\",\"image\":\"https:\/\/zillinger4vienna.at\/wp-content\/uploads\/2024\/09\/vienna-prater-riesenrad.jpg\",\"url\":\"https:\/\/zillinger4vienna.at\/de\/fuehrung\/das-pratercottage-in-wien-villen-gruenderzeit-und-ihre-familiengeschichten\/\",\"startDate\":\"2026-06-12T10:00:00+02:00\",\"endDate\":\"2026-06-12T12:00:00+02:00\",\"location\":{\"@type\":\"Place\",\"name\":\"Riesenradplatz\",\"description\":\"\",\"url\":\"https:\/\/zillinger4vienna.at\/de\/veranstaltungsort\/16432\/\",\"address\":{\"@type\":\"PostalAddress\",\"streetAddress\":\"Riesenradplatz 2\",\"addressLocality\":\"Wien\",\"postalCode\":\"1020\",\"addressCountry\":\"\\u00d6sterreich\"},\"telephone\":\"\",\"sameAs\":\"\"},\"performer\":\"Organization\"},{\"@context\":\"http:\/\/schema.org\",\"@type\":\"Event\",\"name\":\"Hietzing und seine Villen beim Schlossgarten Sch\\u00f6nbrunn\",\"description\":\"&lt;p&gt;\\u00a9 Tournasol7, CC BY-SA 4.0 Tournasol7, CC BY-SA 4.0, via Wikimedia Commons&lt;\/p&gt;\\\\n\",\"image\":\"https:\/\/zillinger4vienna.at\/wp-content\/uploads\/2026\/01\/Hietzing2-26.png\",\"url\":\"https:\/\/zillinger4vienna.at\/de\/fuehrung\/hietzing-und-seine-villen-beim-schlossgarten-schoenbrunn\/\",\"startDate\":\"2026-06-29T10:00:00+02:00\",\"endDate\":\"2026-06-29T12:00:00+02:00\",\"location\":{\"@type\":\"Place\",\"name\":\"Pfarrkirche Hietzing\",\"description\":\"\",\"url\":\"https:\/\/zillinger4vienna.at\/de\/veranstaltungsort\/pfarrkirche-hietzing\/\",\"address\":{\"@type\":\"PostalAddress\",\"streetAddress\":\"Am Platz 1\",\"addressLocality\":\"Wien\",\"postalCode\":\"1130\",\"addressCountry\":\"Austria\"},\"telephone\":\"\",\"sameAs\":\"\"},\"performer\":\"Organization\"},{\"@context\":\"http:\/\/schema.org\",\"@type\":\"Event\",\"name\":\"Juli 1927 in Wien: Der Justizpalast brennt! Schaupl\\u00e4tze der Krise\",\"description\":\"&lt;p&gt;Treffpunkt: Eingang Universit\\u00e4t Wien&lt;\/p&gt;\\\\n\",\"image\":\"https:\/\/zillinger4vienna.at\/wp-content\/uploads\/2026\/01\/university-vienna.png\",\"url\":\"https:\/\/zillinger4vienna.at\/de\/fuehrung\/juli-1927-in-wien-der-justizpalast-brennt-schauplaetze-der-krise\/\",\"startDate\":\"2026-07-03T10:00:00+02:00\",\"endDate\":\"2026-07-03T12:00:00+02:00\",\"location\":{\"@type\":\"Place\",\"name\":\"Universit\\u00e4t\",\"description\":\"\",\"url\":\"https:\/\/zillinger4vienna.at\/de\/veranstaltungsort\/universitaet-wien\/\",\"address\":{\"@type\":\"PostalAddress\",\"streetAddress\":\"Universit\\u00e4tsring 1\",\"addressLocality\":\"Wien\",\"postalCode\":\"1010\",\"addressCountry\":\"\\u00d6sterreich\"},\"telephone\":\"\",\"sameAs\":\"\"},\"performer\":\"Organization\"}]\r\n<\/script><div class=\"cl\"><\/div>\n<\/div>\n<\/div><\/div>\n<\/div>\n<\/div>\n<\/div>\n<\/div>\n<\/div>\n\n","protected":false},"excerpt":{"rendered":"<p>Als ausgebildeter und begeisterter Kunstvermittler f\u00fchre ich Sie durch die aktuellen Ausstellungen und bekanntesten Museen Wiens. Kommen Sie mit!<\/p>\n","protected":false},"author":1,"featured_media":15569,"comment_status":"closed","ping_status":"closed","sticky":false,"template":"","format":"standard","meta":{"_EventAllDay":false,"_EventTimezone":"","_EventStartDate":"","_EventEndDate":"","_EventStartDateUTC":"","_EventEndDateUTC":"","_EventShowMap":false,"_EventShowMapLink":false,"_EventURL":"","_EventCost":"","_EventCostDescription":"","_EventCurrencySymbol":"","_EventCurrencyCode":"","_EventCurrencyPosition":"","_EventDateTimeSeparator":"","_EventTimeRangeSeparator":"","_EventOrganizerID":[],"_EventVenueID":0,"_OrganizerEmail":"","_OrganizerPhone":"","_OrganizerWebsite":"","_VenueAddress":"","_VenueCity":"","_VenueCountry":"","_VenueProvince":"","_VenueZip":"","_VenuePhone":"","_VenueURL":"","_VenueStateProvince":"","_VenueLat":"","_VenueLng":"","footnotes":""},"categories":[37],"tags":[],"class_list":["post-87","post","type-post","status-publish","format-standard","has-post-thumbnail","hentry","category-unsere-favoriten","cat_denkmaeler","cat_geschichte","cat_zu-fuss"],"yoast_head":"<!-- This site is optimized with the Yoast SEO plugin v25.0 - https:\/\/yoast.com\/wordpress\/plugins\/seo\/ -->\n<title>Art Tour \u2013 Wiens K\u00fcnste damals &amp; heute - Stadtf\u00fchrung Wien<\/title>\n<meta name=\"description\" content=\"Zertifizierter Austria Guide Mag. Karl Zillinger: Stadtspazierg\u00e4nge, &quot;Gr\u00e4tzelf\u00fchrungen&quot;, Spezialtouren in und rund um Wien. Jetzt anmelden!\" \/>\n<meta name=\"robots\" content=\"index, follow, max-snippet:-1, max-image-preview:large, max-video-preview:-1\" \/>\n<link rel=\"canonical\" href=\"https:\/\/zillinger4vienna.at\/de\/2021\/01\/01\/kunst-in-wien-damals-und-heute\/\" \/>\n<meta property=\"og:locale\" content=\"de_DE\" \/>\n<meta property=\"og:type\" content=\"article\" \/>\n<meta property=\"og:title\" content=\"Art Tour \u2013 Wiens K\u00fcnste damals &amp; heute - Stadtf\u00fchrung Wien\" \/>\n<meta property=\"og:description\" content=\"Zertifizierter Austria Guide Mag. Karl Zillinger: Stadtspazierg\u00e4nge, &quot;Gr\u00e4tzelf\u00fchrungen&quot;, Spezialtouren in und rund um Wien. Jetzt anmelden!\" \/>\n<meta property=\"og:url\" content=\"https:\/\/zillinger4vienna.at\/de\/2021\/01\/01\/kunst-in-wien-damals-und-heute\/\" \/>\n<meta property=\"og:site_name\" content=\"Zillinger4Vienna\" \/>\n<meta property=\"article:published_time\" content=\"2021-01-01T11:08:47+00:00\" \/>\n<meta property=\"article:modified_time\" content=\"2021-03-11T11:48:37+00:00\" \/>\n<meta property=\"og:image\" content=\"https:\/\/zillinger4vienna.at\/wp-content\/uploads\/2021\/01\/khm.jpg\" \/>\n\t<meta property=\"og:image:width\" content=\"1000\" \/>\n\t<meta property=\"og:image:height\" content=\"1085\" \/>\n\t<meta property=\"og:image:type\" content=\"image\/jpeg\" \/>\n<meta name=\"author\" content=\"ww21\" \/>\n<meta name=\"twitter:card\" content=\"summary_large_image\" \/>\n<meta name=\"twitter:label1\" content=\"Verfasst von\" \/>\n\t<meta name=\"twitter:data1\" content=\"ww21\" \/>\n\t<meta name=\"twitter:label2\" content=\"Gesch\u00e4tzte Lesezeit\" \/>\n\t<meta name=\"twitter:data2\" content=\"1\u00a0Minute\" \/>\n<script type=\"application\/ld+json\" class=\"yoast-schema-graph\">{\"@context\":\"https:\/\/schema.org\",\"@graph\":[{\"@type\":\"WebPage\",\"@id\":\"https:\/\/zillinger4vienna.at\/de\/2021\/01\/01\/kunst-in-wien-damals-und-heute\/\",\"url\":\"https:\/\/zillinger4vienna.at\/de\/2021\/01\/01\/kunst-in-wien-damals-und-heute\/\",\"name\":\"Art Tour \u2013 Wiens K\u00fcnste damals & heute - Stadtf\u00fchrung Wien\",\"isPartOf\":{\"@id\":\"https:\/\/zillinger4vienna.at\/de\/#website\"},\"primaryImageOfPage\":{\"@id\":\"https:\/\/zillinger4vienna.at\/de\/2021\/01\/01\/kunst-in-wien-damals-und-heute\/#primaryimage\"},\"image\":{\"@id\":\"https:\/\/zillinger4vienna.at\/de\/2021\/01\/01\/kunst-in-wien-damals-und-heute\/#primaryimage\"},\"thumbnailUrl\":\"https:\/\/zillinger4vienna.at\/wp-content\/uploads\/2021\/01\/khm.jpg\",\"datePublished\":\"2021-01-01T11:08:47+00:00\",\"dateModified\":\"2021-03-11T11:48:37+00:00\",\"author\":{\"@id\":\"https:\/\/zillinger4vienna.at\/de\/#\/schema\/person\/f50e3cccffe0cd8c21597b95cba06c5d\"},\"description\":\"Zertifizierter Austria Guide Mag. Karl Zillinger: Stadtspazierg\u00e4nge, \\\"Gr\u00e4tzelf\u00fchrungen\\\", Spezialtouren in und rund um Wien. Jetzt anmelden!\",\"breadcrumb\":{\"@id\":\"https:\/\/zillinger4vienna.at\/de\/2021\/01\/01\/kunst-in-wien-damals-und-heute\/#breadcrumb\"},\"inLanguage\":\"de\",\"potentialAction\":[{\"@type\":\"ReadAction\",\"target\":[\"https:\/\/zillinger4vienna.at\/de\/2021\/01\/01\/kunst-in-wien-damals-und-heute\/\"]}]},{\"@type\":\"ImageObject\",\"inLanguage\":\"de\",\"@id\":\"https:\/\/zillinger4vienna.at\/de\/2021\/01\/01\/kunst-in-wien-damals-und-heute\/#primaryimage\",\"url\":\"https:\/\/zillinger4vienna.at\/wp-content\/uploads\/2021\/01\/khm.jpg\",\"contentUrl\":\"https:\/\/zillinger4vienna.at\/wp-content\/uploads\/2021\/01\/khm.jpg\",\"width\":1000,\"height\":1085},{\"@type\":\"BreadcrumbList\",\"@id\":\"https:\/\/zillinger4vienna.at\/de\/2021\/01\/01\/kunst-in-wien-damals-und-heute\/#breadcrumb\",\"itemListElement\":[{\"@type\":\"ListItem\",\"position\":1,\"name\":\"Startseite\",\"item\":\"https:\/\/zillinger4vienna.at\/\"},{\"@type\":\"ListItem\",\"position\":2,\"name\":\"Art Tour \u2013 Wiens K\u00fcnste damals &#038; heute\"}]},{\"@type\":\"WebSite\",\"@id\":\"https:\/\/zillinger4vienna.at\/de\/#website\",\"url\":\"https:\/\/zillinger4vienna.at\/de\/\",\"name\":\"Zillinger4Vienna\",\"description\":\"Unvergessliche Stadtf\u00fchrungen in Wien\",\"potentialAction\":[{\"@type\":\"SearchAction\",\"target\":{\"@type\":\"EntryPoint\",\"urlTemplate\":\"https:\/\/zillinger4vienna.at\/de\/?s={search_term_string}\"},\"query-input\":{\"@type\":\"PropertyValueSpecification\",\"valueRequired\":true,\"valueName\":\"search_term_string\"}}],\"inLanguage\":\"de\"},{\"@type\":\"Person\",\"@id\":\"https:\/\/zillinger4vienna.at\/de\/#\/schema\/person\/f50e3cccffe0cd8c21597b95cba06c5d\",\"name\":\"ww21\",\"sameAs\":[\"https:\/\/zillinger4vienna.at\"],\"url\":\"https:\/\/zillinger4vienna.at\/de\/author\/ww21\/\"}]}<\/script>\n<!-- \/ Yoast SEO plugin. -->","yoast_head_json":{"title":"Art Tour \u2013 Wiens K\u00fcnste damals & heute - Stadtf\u00fchrung Wien","description":"Zertifizierter Austria Guide Mag. Karl Zillinger: Stadtspazierg\u00e4nge, \"Gr\u00e4tzelf\u00fchrungen\", Spezialtouren in und rund um Wien. Jetzt anmelden!","robots":{"index":"index","follow":"follow","max-snippet":"max-snippet:-1","max-image-preview":"max-image-preview:large","max-video-preview":"max-video-preview:-1"},"canonical":"https:\/\/zillinger4vienna.at\/de\/2021\/01\/01\/kunst-in-wien-damals-und-heute\/","og_locale":"de_DE","og_type":"article","og_title":"Art Tour \u2013 Wiens K\u00fcnste damals & heute - Stadtf\u00fchrung Wien","og_description":"Zertifizierter Austria Guide Mag. Karl Zillinger: Stadtspazierg\u00e4nge, \"Gr\u00e4tzelf\u00fchrungen\", Spezialtouren in und rund um Wien. Jetzt anmelden!","og_url":"https:\/\/zillinger4vienna.at\/de\/2021\/01\/01\/kunst-in-wien-damals-und-heute\/","og_site_name":"Zillinger4Vienna","article_published_time":"2021-01-01T11:08:47+00:00","article_modified_time":"2021-03-11T11:48:37+00:00","og_image":[{"width":1000,"height":1085,"url":"https:\/\/zillinger4vienna.at\/wp-content\/uploads\/2021\/01\/khm.jpg","type":"image\/jpeg"}],"author":"ww21","twitter_card":"summary_large_image","twitter_misc":{"Verfasst von":"ww21","Gesch\u00e4tzte Lesezeit":"1\u00a0Minute"},"schema":{"@context":"https:\/\/schema.org","@graph":[{"@type":"WebPage","@id":"https:\/\/zillinger4vienna.at\/de\/2021\/01\/01\/kunst-in-wien-damals-und-heute\/","url":"https:\/\/zillinger4vienna.at\/de\/2021\/01\/01\/kunst-in-wien-damals-und-heute\/","name":"Art Tour \u2013 Wiens K\u00fcnste damals & heute - Stadtf\u00fchrung Wien","isPartOf":{"@id":"https:\/\/zillinger4vienna.at\/de\/#website"},"primaryImageOfPage":{"@id":"https:\/\/zillinger4vienna.at\/de\/2021\/01\/01\/kunst-in-wien-damals-und-heute\/#primaryimage"},"image":{"@id":"https:\/\/zillinger4vienna.at\/de\/2021\/01\/01\/kunst-in-wien-damals-und-heute\/#primaryimage"},"thumbnailUrl":"https:\/\/zillinger4vienna.at\/wp-content\/uploads\/2021\/01\/khm.jpg","datePublished":"2021-01-01T11:08:47+00:00","dateModified":"2021-03-11T11:48:37+00:00","author":{"@id":"https:\/\/zillinger4vienna.at\/de\/#\/schema\/person\/f50e3cccffe0cd8c21597b95cba06c5d"},"description":"Zertifizierter Austria Guide Mag. Karl Zillinger: Stadtspazierg\u00e4nge, \"Gr\u00e4tzelf\u00fchrungen\", Spezialtouren in und rund um Wien. Jetzt anmelden!","breadcrumb":{"@id":"https:\/\/zillinger4vienna.at\/de\/2021\/01\/01\/kunst-in-wien-damals-und-heute\/#breadcrumb"},"inLanguage":"de","potentialAction":[{"@type":"ReadAction","target":["https:\/\/zillinger4vienna.at\/de\/2021\/01\/01\/kunst-in-wien-damals-und-heute\/"]}]},{"@type":"ImageObject","inLanguage":"de","@id":"https:\/\/zillinger4vienna.at\/de\/2021\/01\/01\/kunst-in-wien-damals-und-heute\/#primaryimage","url":"https:\/\/zillinger4vienna.at\/wp-content\/uploads\/2021\/01\/khm.jpg","contentUrl":"https:\/\/zillinger4vienna.at\/wp-content\/uploads\/2021\/01\/khm.jpg","width":1000,"height":1085},{"@type":"BreadcrumbList","@id":"https:\/\/zillinger4vienna.at\/de\/2021\/01\/01\/kunst-in-wien-damals-und-heute\/#breadcrumb","itemListElement":[{"@type":"ListItem","position":1,"name":"Startseite","item":"https:\/\/zillinger4vienna.at\/"},{"@type":"ListItem","position":2,"name":"Art Tour \u2013 Wiens K\u00fcnste damals &#038; heute"}]},{"@type":"WebSite","@id":"https:\/\/zillinger4vienna.at\/de\/#website","url":"https:\/\/zillinger4vienna.at\/de\/","name":"Zillinger4Vienna","description":"Unvergessliche Stadtf\u00fchrungen in Wien","potentialAction":[{"@type":"SearchAction","target":{"@type":"EntryPoint","urlTemplate":"https:\/\/zillinger4vienna.at\/de\/?s={search_term_string}"},"query-input":{"@type":"PropertyValueSpecification","valueRequired":true,"valueName":"search_term_string"}}],"inLanguage":"de"},{"@type":"Person","@id":"https:\/\/zillinger4vienna.at\/de\/#\/schema\/person\/f50e3cccffe0cd8c21597b95cba06c5d","name":"ww21","sameAs":["https:\/\/zillinger4vienna.at"],"url":"https:\/\/zillinger4vienna.at\/de\/author\/ww21\/"}]}},"_links":{"self":[{"href":"https:\/\/zillinger4vienna.at\/de\/wp-json\/wp\/v2\/posts\/87","targetHints":{"allow":["GET"]}}],"collection":[{"href":"https:\/\/zillinger4vienna.at\/de\/wp-json\/wp\/v2\/posts"}],"about":[{"href":"https:\/\/zillinger4vienna.at\/de\/wp-json\/wp\/v2\/types\/post"}],"author":[{"embeddable":true,"href":"https:\/\/zillinger4vienna.at\/de\/wp-json\/wp\/v2\/users\/1"}],"replies":[{"embeddable":true,"href":"https:\/\/zillinger4vienna.at\/de\/wp-json\/wp\/v2\/comments?post=87"}],"version-history":[{"count":12,"href":"https:\/\/zillinger4vienna.at\/de\/wp-json\/wp\/v2\/posts\/87\/revisions"}],"predecessor-version":[{"id":16965,"href":"https:\/\/zillinger4vienna.at\/de\/wp-json\/wp\/v2\/posts\/87\/revisions\/16965"}],"wp:featuredmedia":[{"embeddable":true,"href":"https:\/\/zillinger4vienna.at\/de\/wp-json\/wp\/v2\/media\/15569"}],"wp:attachment":[{"href":"https:\/\/zillinger4vienna.at\/de\/wp-json\/wp\/v2\/media?parent=87"}],"wp:term":[{"taxonomy":"category","embeddable":true,"href":"https:\/\/zillinger4vienna.at\/de\/wp-json\/wp\/v2\/categories?post=87"},{"taxonomy":"post_tag","embeddable":true,"href":"https:\/\/zillinger4vienna.at\/de\/wp-json\/wp\/v2\/tags?post=87"}],"curies":[{"name":"wp","href":"https:\/\/api.w.org\/{rel}","templated":true}]}}