{"id":18238,"date":"2025-08-26T12:45:47","date_gmt":"2025-08-26T10:45:47","guid":{"rendered":"https:\/\/zillinger4vienna.at\/?p=18238"},"modified":"2025-09-01T11:52:14","modified_gmt":"2025-09-01T09:52:14","slug":"titel","status":"publish","type":"post","link":"https:\/\/zillinger4vienna.at\/de\/2025\/08\/26\/titel\/","title":{"rendered":"Mit einem Filmteam auf den Spuren der Tanz- und Balltradition in Wien"},"content":{"rendered":"\n<h4 class=\"wp-block-heading\">Von gro\u00dfem Interesse sind dabei die Gesellschaftst\u00e4nze, Maskenb\u00e4lle und Redouten, die bekanntesten Wiener T\u00e4nze, wie die Geschichte von der Entstehung des Wiener Walzers vor 200 Jahren und dem Leben von Johann Strauss Vater und Sohn, der Besuch einer der bekanntesten Tanzschulen in Wien, die ersten Tanzschritte auf dem Weg zu den sch\u00f6nsten T\u00e4nzen und nat\u00fcrlich der Besuch der sch\u00f6nsten Ballh\u00e4user, wie dem Redoutensaal in der Hofburg, oder der Eroicasaal im Palais Lokbkowitz, uvm.<br>Kommen Sie mit, und lassen Sie sich \u00fcberraschen! Und los geht\u2019s im Walzerschritt: \u201eEins, zwei, drei, Zwei zwei drei, Drei drei drei, usw. &#8230;\u201c<\/h4>\n\n\n\n<figure class=\"wp-block-gallery aligncenter has-nested-images columns-default is-cropped wp-block-gallery-1 is-layout-flex wp-block-gallery-is-layout-flex\">\n<figure class=\"wp-block-image size-large\"><img decoding=\"async\" width=\"1024\" height=\"501\" data-id=\"18241\" src=\"https:\/\/zillinger4vienna.at\/wp-content\/uploads\/2025\/08\/Ballfuehrung-Wien-Karl-Zillinger-3-1024x501.png\" alt=\"\" class=\"wp-image-18241\" srcset=\"https:\/\/zillinger4vienna.at\/wp-content\/uploads\/2025\/08\/Ballfuehrung-Wien-Karl-Zillinger-3-1024x501.png 1024w, https:\/\/zillinger4vienna.at\/wp-content\/uploads\/2025\/08\/Ballfuehrung-Wien-Karl-Zillinger-3-300x147.png 300w, https:\/\/zillinger4vienna.at\/wp-content\/uploads\/2025\/08\/Ballfuehrung-Wien-Karl-Zillinger-3-768x376.png 768w, https:\/\/zillinger4vienna.at\/wp-content\/uploads\/2025\/08\/Ballfuehrung-Wien-Karl-Zillinger-3-18x9.png 18w, https:\/\/zillinger4vienna.at\/wp-content\/uploads\/2025\/08\/Ballfuehrung-Wien-Karl-Zillinger-3-580x284.png 580w, https:\/\/zillinger4vienna.at\/wp-content\/uploads\/2025\/08\/Ballfuehrung-Wien-Karl-Zillinger-3-860x421.png 860w, https:\/\/zillinger4vienna.at\/wp-content\/uploads\/2025\/08\/Ballfuehrung-Wien-Karl-Zillinger-3-1160x567.png 1160w, https:\/\/zillinger4vienna.at\/wp-content\/uploads\/2025\/08\/Ballfuehrung-Wien-Karl-Zillinger-3.png 1200w\" sizes=\"(max-width: 1024px) 100vw, 1024px\" \/><\/figure>\n\n\n\n<figure class=\"wp-block-image size-large\"><img decoding=\"async\" width=\"500\" height=\"247\" data-id=\"18239\" src=\"https:\/\/zillinger4vienna.at\/wp-content\/uploads\/2025\/08\/Ballfuehrung-Wien-Karl-Zillinger-1.png\" alt=\"\" class=\"wp-image-18239\" srcset=\"https:\/\/zillinger4vienna.at\/wp-content\/uploads\/2025\/08\/Ballfuehrung-Wien-Karl-Zillinger-1.png 500w, https:\/\/zillinger4vienna.at\/wp-content\/uploads\/2025\/08\/Ballfuehrung-Wien-Karl-Zillinger-1-300x148.png 300w, https:\/\/zillinger4vienna.at\/wp-content\/uploads\/2025\/08\/Ballfuehrung-Wien-Karl-Zillinger-1-18x9.png 18w\" sizes=\"(max-width: 500px) 100vw, 500px\" \/><\/figure>\n\n\n\n<figure class=\"wp-block-image size-large\"><img decoding=\"async\" width=\"1024\" height=\"506\" data-id=\"18240\" src=\"https:\/\/zillinger4vienna.at\/wp-content\/uploads\/2025\/08\/Ballfuehrung-Wien-Karl-Zillinger-2-1024x506.png\" alt=\"\" class=\"wp-image-18240\" srcset=\"https:\/\/zillinger4vienna.at\/wp-content\/uploads\/2025\/08\/Ballfuehrung-Wien-Karl-Zillinger-2-1024x506.png 1024w, https:\/\/zillinger4vienna.at\/wp-content\/uploads\/2025\/08\/Ballfuehrung-Wien-Karl-Zillinger-2-300x148.png 300w, https:\/\/zillinger4vienna.at\/wp-content\/uploads\/2025\/08\/Ballfuehrung-Wien-Karl-Zillinger-2-768x380.png 768w, https:\/\/zillinger4vienna.at\/wp-content\/uploads\/2025\/08\/Ballfuehrung-Wien-Karl-Zillinger-2-18x9.png 18w, https:\/\/zillinger4vienna.at\/wp-content\/uploads\/2025\/08\/Ballfuehrung-Wien-Karl-Zillinger-2-580x287.png 580w, https:\/\/zillinger4vienna.at\/wp-content\/uploads\/2025\/08\/Ballfuehrung-Wien-Karl-Zillinger-2-860x425.png 860w, https:\/\/zillinger4vienna.at\/wp-content\/uploads\/2025\/08\/Ballfuehrung-Wien-Karl-Zillinger-2-1160x573.png 1160w, https:\/\/zillinger4vienna.at\/wp-content\/uploads\/2025\/08\/Ballfuehrung-Wien-Karl-Zillinger-2.png 1200w\" sizes=\"(max-width: 1024px) 100vw, 1024px\" \/><\/figure>\n<figcaption class=\"blocks-gallery-caption wp-element-caption\"><sub>Screenshot aus dem Video &#8222;Titel&#8220; von (Datum: 00.00.2025), Copyright Urheber*in: Name<\/sub><\/figcaption><\/figure>\n\n\n<hr \/>\n\n\n<h4 class=\"wp-block-heading\">Schon im 17. Jahrhundert z\u00e4hlten am Hof der Habsburger die B\u00e4lle zu einem wichtigen Teil des Gesellschaftslebens und auch der Politik. Nach dem Vorbild des franz\u00f6sischen Sonnenk\u00f6nigs Ludwig XIV werden diese B\u00e4lle auch Ort zahlreicher Intrigen. B\u00e4lle sind Teil des \u00f6ffentlichen Privatlebens der Herrscher und der Adeligen: Hochzeiten werden arrangiert, Verlobungen bekannt gegeben, diplomatische Allianzen geschmiedet. Soirees, Redouten, Maskenb\u00e4lle pr\u00e4gen das Gesellschaftsleben der Monarchie. W\u00e4hrend des Wiener Kongresses 1814\/15 wird bereits dem Tanzvergn\u00fcgen Priorit\u00e4t vor der Politik einger\u00e4umt: \u201eDer Kongress tanzt\u201c. Das Bildungsb\u00fcrgertum \u00fcbernimmt diese Tradition im 19 Jahrhundert. In den Vorst\u00e4dten kommt es zu einer Mischform von Ball und Maskenfest : dem \u201eGschnas\u201c. Die Republik \u00fcbernimmt diese Balltradition und f\u00fcgt neue Gesellschaftsfeste hinzu.<br>Heute finden in der Ballsaison ca. 300 B\u00e4lle in Wien statt: vom Hietzinger B\u00fcrgerball \u00fcber den Offiziersball, den Bauernbundball , den B\u00e4ckerball, zum Lifeball. Jede soziale Gruppe, jede Institution und Interessensvertretung organisiert ihren Ball.<br>Der Stadtspaziergang f\u00fchrt zu den sch\u00f6nsten Balls\u00e4len, folgt der Tradition der B\u00e4lle und gibt einen Einblick in die typischen T\u00e4nze der B\u00e4lle bis zu den modernen Formen wie dem Gschnas u.v.m.<\/h4>\n\n\n\n<p class=\"has-text-align-center\">Haben Sie Lust bekommen, die Stadt gemeinsam mit mir zu entdecken? Dann schauen Sie sich gerne meine <a href=\"https:\/\/zillinger4vienna.at\/de\/wien-fuehrungen-termine\/\">aktuellen F\u00fchrungstermine <\/a>an! Gerne stelle ich f\u00fcr Sie auch individuelle F\u00fchrungen zusammen \u2013 ma\u00dfgeschneidert f\u00fcr besondere Anl\u00e4sse wie Firmenfeiern, Exkursionen oder private Gruppen. Bei Interesse an einer individuellen F\u00fchrung freue ich mich \u00fcber Ihre <a href=\"mailto:info@zillinger4vienna.at\">Nachricht<\/a>.<\/p>\n\n\n","protected":false},"excerpt":{"rendered":"<p>Von gro\u00dfem Interesse sind dabei die Gesellschaftst\u00e4nze, Maskenb\u00e4lle und Redouten, die bekanntesten Wiener T\u00e4nze, wie die Geschichte von der Entstehung des Wiener Walzers vor 200 Jahren.<\/p>\n","protected":false},"author":1,"featured_media":18241,"comment_status":"closed","ping_status":"closed","sticky":false,"template":"","format":"standard","meta":{"_EventAllDay":false,"_EventTimezone":"","_EventStartDate":"","_EventEndDate":"","_EventStartDateUTC":"","_EventEndDateUTC":"","_EventShowMap":false,"_EventShowMapLink":false,"_EventURL":"","_EventCost":"","_EventCostDescription":"","_EventCurrencySymbol":"","_EventCurrencyCode":"","_EventCurrencyPosition":"","_EventDateTimeSeparator":"","_EventTimeRangeSeparator":"","_EventOrganizerID":[],"_EventVenueID":0,"_OrganizerEmail":"","_OrganizerPhone":"","_OrganizerWebsite":"","_VenueAddress":"","_VenueCity":"","_VenueCountry":"","_VenueProvince":"","_VenueZip":"","_VenuePhone":"","_VenueURL":"","_VenueStateProvince":"","_VenueLat":"","_VenueLng":"","footnotes":"[]"},"categories":[7],"tags":[],"class_list":["post-18238","post","type-post","status-publish","format-standard","has-post-thumbnail","hentry","category-news"],"yoast_head":"<!-- This site is optimized with the Yoast SEO plugin v25.0 - https:\/\/yoast.com\/wordpress\/plugins\/seo\/ -->\n<title>Mit einem Filmteam auf den Spuren der Tanz- und Balltradition in Wien - Zillinger4Vienna<\/title>\n<meta name=\"description\" content=\"Mag. Karl Zillinger unterwegs mit einem Filmteam in Wien zur Stadtspaziergang zur Tanz- und Balltradition.\" \/>\n<meta name=\"robots\" content=\"index, follow, max-snippet:-1, max-image-preview:large, max-video-preview:-1\" \/>\n<link rel=\"canonical\" href=\"https:\/\/zillinger4vienna.at\/de\/2025\/08\/26\/titel\/\" \/>\n<meta property=\"og:locale\" content=\"de_DE\" \/>\n<meta property=\"og:type\" content=\"article\" \/>\n<meta property=\"og:title\" content=\"Mit einem Filmteam auf den Spuren der Tanz- und Balltradition in Wien - Zillinger4Vienna\" \/>\n<meta property=\"og:description\" content=\"Mag. Karl Zillinger unterwegs mit einem Filmteam in Wien zur Stadtspaziergang zur Tanz- und Balltradition.\" \/>\n<meta property=\"og:url\" content=\"https:\/\/zillinger4vienna.at\/de\/2025\/08\/26\/titel\/\" \/>\n<meta property=\"og:site_name\" content=\"Zillinger4Vienna\" \/>\n<meta property=\"article:published_time\" content=\"2025-08-26T10:45:47+00:00\" \/>\n<meta property=\"article:modified_time\" content=\"2025-09-01T09:52:14+00:00\" \/>\n<meta property=\"og:image\" content=\"https:\/\/zillinger4vienna.at\/wp-content\/uploads\/2025\/08\/Ballfuehrung-Wien-Karl-Zillinger-3.png\" \/>\n\t<meta property=\"og:image:width\" content=\"1200\" \/>\n\t<meta property=\"og:image:height\" content=\"587\" \/>\n\t<meta property=\"og:image:type\" content=\"image\/png\" \/>\n<meta name=\"author\" content=\"ww21\" \/>\n<meta name=\"twitter:card\" content=\"summary_large_image\" \/>\n<meta name=\"twitter:label1\" content=\"Verfasst von\" \/>\n\t<meta name=\"twitter:data1\" content=\"ww21\" \/>\n\t<meta name=\"twitter:label2\" content=\"Gesch\u00e4tzte Lesezeit\" \/>\n\t<meta name=\"twitter:data2\" content=\"3\u00a0Minuten\" \/>\n<script type=\"application\/ld+json\" class=\"yoast-schema-graph\">{\"@context\":\"https:\/\/schema.org\",\"@graph\":[{\"@type\":\"WebPage\",\"@id\":\"https:\/\/zillinger4vienna.at\/2025\/08\/26\/titel\/\",\"url\":\"https:\/\/zillinger4vienna.at\/2025\/08\/26\/titel\/\",\"name\":\"Mit einem Filmteam auf den Spuren der Tanz- und Balltradition in Wien - Zillinger4Vienna\",\"isPartOf\":{\"@id\":\"https:\/\/zillinger4vienna.at\/de\/#website\"},\"primaryImageOfPage\":{\"@id\":\"https:\/\/zillinger4vienna.at\/2025\/08\/26\/titel\/#primaryimage\"},\"image\":{\"@id\":\"https:\/\/zillinger4vienna.at\/2025\/08\/26\/titel\/#primaryimage\"},\"thumbnailUrl\":\"https:\/\/zillinger4vienna.at\/wp-content\/uploads\/2025\/08\/Ballfuehrung-Wien-Karl-Zillinger-3.png\",\"datePublished\":\"2025-08-26T10:45:47+00:00\",\"dateModified\":\"2025-09-01T09:52:14+00:00\",\"author\":{\"@id\":\"https:\/\/zillinger4vienna.at\/de\/#\/schema\/person\/f50e3cccffe0cd8c21597b95cba06c5d\"},\"description\":\"Mag. Karl Zillinger unterwegs mit einem Filmteam in Wien zur Stadtspaziergang zur Tanz- und Balltradition.\",\"breadcrumb\":{\"@id\":\"https:\/\/zillinger4vienna.at\/2025\/08\/26\/titel\/#breadcrumb\"},\"inLanguage\":\"de\",\"potentialAction\":[{\"@type\":\"ReadAction\",\"target\":[\"https:\/\/zillinger4vienna.at\/2025\/08\/26\/titel\/\"]}]},{\"@type\":\"ImageObject\",\"inLanguage\":\"de\",\"@id\":\"https:\/\/zillinger4vienna.at\/2025\/08\/26\/titel\/#primaryimage\",\"url\":\"https:\/\/zillinger4vienna.at\/wp-content\/uploads\/2025\/08\/Ballfuehrung-Wien-Karl-Zillinger-3.png\",\"contentUrl\":\"https:\/\/zillinger4vienna.at\/wp-content\/uploads\/2025\/08\/Ballfuehrung-Wien-Karl-Zillinger-3.png\",\"width\":1200,\"height\":587},{\"@type\":\"BreadcrumbList\",\"@id\":\"https:\/\/zillinger4vienna.at\/2025\/08\/26\/titel\/#breadcrumb\",\"itemListElement\":[{\"@type\":\"ListItem\",\"position\":1,\"name\":\"Startseite\",\"item\":\"https:\/\/zillinger4vienna.at\/\"},{\"@type\":\"ListItem\",\"position\":2,\"name\":\"Mit einem Filmteam auf den Spuren der Tanz- und Balltradition in Wien\"}]},{\"@type\":\"WebSite\",\"@id\":\"https:\/\/zillinger4vienna.at\/de\/#website\",\"url\":\"https:\/\/zillinger4vienna.at\/de\/\",\"name\":\"Zillinger4Vienna\",\"description\":\"Unvergessliche Stadtf\u00fchrungen in Wien\",\"potentialAction\":[{\"@type\":\"SearchAction\",\"target\":{\"@type\":\"EntryPoint\",\"urlTemplate\":\"https:\/\/zillinger4vienna.at\/de\/?s={search_term_string}\"},\"query-input\":{\"@type\":\"PropertyValueSpecification\",\"valueRequired\":true,\"valueName\":\"search_term_string\"}}],\"inLanguage\":\"de\"},{\"@type\":\"Person\",\"@id\":\"https:\/\/zillinger4vienna.at\/de\/#\/schema\/person\/f50e3cccffe0cd8c21597b95cba06c5d\",\"name\":\"ww21\",\"sameAs\":[\"https:\/\/zillinger4vienna.at\"],\"url\":\"https:\/\/zillinger4vienna.at\/de\/author\/ww21\/\"}]}<\/script>\n<!-- \/ Yoast SEO plugin. -->","yoast_head_json":{"title":"Mit einem Filmteam auf den Spuren der Tanz- und Balltradition in Wien - Zillinger4Vienna","description":"Mag. Karl Zillinger unterwegs mit einem Filmteam in Wien zur Stadtspaziergang zur Tanz- und Balltradition.","robots":{"index":"index","follow":"follow","max-snippet":"max-snippet:-1","max-image-preview":"max-image-preview:large","max-video-preview":"max-video-preview:-1"},"canonical":"https:\/\/zillinger4vienna.at\/de\/2025\/08\/26\/titel\/","og_locale":"de_DE","og_type":"article","og_title":"Mit einem Filmteam auf den Spuren der Tanz- und Balltradition in Wien - Zillinger4Vienna","og_description":"Mag. Karl Zillinger unterwegs mit einem Filmteam in Wien zur Stadtspaziergang zur Tanz- und Balltradition.","og_url":"https:\/\/zillinger4vienna.at\/de\/2025\/08\/26\/titel\/","og_site_name":"Zillinger4Vienna","article_published_time":"2025-08-26T10:45:47+00:00","article_modified_time":"2025-09-01T09:52:14+00:00","og_image":[{"width":1200,"height":587,"url":"https:\/\/zillinger4vienna.at\/wp-content\/uploads\/2025\/08\/Ballfuehrung-Wien-Karl-Zillinger-3.png","type":"image\/png"}],"author":"ww21","twitter_card":"summary_large_image","twitter_misc":{"Verfasst von":"ww21","Gesch\u00e4tzte Lesezeit":"3\u00a0Minuten"},"schema":{"@context":"https:\/\/schema.org","@graph":[{"@type":"WebPage","@id":"https:\/\/zillinger4vienna.at\/2025\/08\/26\/titel\/","url":"https:\/\/zillinger4vienna.at\/2025\/08\/26\/titel\/","name":"Mit einem Filmteam auf den Spuren der Tanz- und Balltradition in Wien - Zillinger4Vienna","isPartOf":{"@id":"https:\/\/zillinger4vienna.at\/de\/#website"},"primaryImageOfPage":{"@id":"https:\/\/zillinger4vienna.at\/2025\/08\/26\/titel\/#primaryimage"},"image":{"@id":"https:\/\/zillinger4vienna.at\/2025\/08\/26\/titel\/#primaryimage"},"thumbnailUrl":"https:\/\/zillinger4vienna.at\/wp-content\/uploads\/2025\/08\/Ballfuehrung-Wien-Karl-Zillinger-3.png","datePublished":"2025-08-26T10:45:47+00:00","dateModified":"2025-09-01T09:52:14+00:00","author":{"@id":"https:\/\/zillinger4vienna.at\/de\/#\/schema\/person\/f50e3cccffe0cd8c21597b95cba06c5d"},"description":"Mag. Karl Zillinger unterwegs mit einem Filmteam in Wien zur Stadtspaziergang zur Tanz- und Balltradition.","breadcrumb":{"@id":"https:\/\/zillinger4vienna.at\/2025\/08\/26\/titel\/#breadcrumb"},"inLanguage":"de","potentialAction":[{"@type":"ReadAction","target":["https:\/\/zillinger4vienna.at\/2025\/08\/26\/titel\/"]}]},{"@type":"ImageObject","inLanguage":"de","@id":"https:\/\/zillinger4vienna.at\/2025\/08\/26\/titel\/#primaryimage","url":"https:\/\/zillinger4vienna.at\/wp-content\/uploads\/2025\/08\/Ballfuehrung-Wien-Karl-Zillinger-3.png","contentUrl":"https:\/\/zillinger4vienna.at\/wp-content\/uploads\/2025\/08\/Ballfuehrung-Wien-Karl-Zillinger-3.png","width":1200,"height":587},{"@type":"BreadcrumbList","@id":"https:\/\/zillinger4vienna.at\/2025\/08\/26\/titel\/#breadcrumb","itemListElement":[{"@type":"ListItem","position":1,"name":"Startseite","item":"https:\/\/zillinger4vienna.at\/"},{"@type":"ListItem","position":2,"name":"Mit einem Filmteam auf den Spuren der Tanz- und Balltradition in Wien"}]},{"@type":"WebSite","@id":"https:\/\/zillinger4vienna.at\/de\/#website","url":"https:\/\/zillinger4vienna.at\/de\/","name":"Zillinger4Vienna","description":"Unvergessliche Stadtf\u00fchrungen in Wien","potentialAction":[{"@type":"SearchAction","target":{"@type":"EntryPoint","urlTemplate":"https:\/\/zillinger4vienna.at\/de\/?s={search_term_string}"},"query-input":{"@type":"PropertyValueSpecification","valueRequired":true,"valueName":"search_term_string"}}],"inLanguage":"de"},{"@type":"Person","@id":"https:\/\/zillinger4vienna.at\/de\/#\/schema\/person\/f50e3cccffe0cd8c21597b95cba06c5d","name":"ww21","sameAs":["https:\/\/zillinger4vienna.at"],"url":"https:\/\/zillinger4vienna.at\/de\/author\/ww21\/"}]}},"_links":{"self":[{"href":"https:\/\/zillinger4vienna.at\/de\/wp-json\/wp\/v2\/posts\/18238","targetHints":{"allow":["GET"]}}],"collection":[{"href":"https:\/\/zillinger4vienna.at\/de\/wp-json\/wp\/v2\/posts"}],"about":[{"href":"https:\/\/zillinger4vienna.at\/de\/wp-json\/wp\/v2\/types\/post"}],"author":[{"embeddable":true,"href":"https:\/\/zillinger4vienna.at\/de\/wp-json\/wp\/v2\/users\/1"}],"replies":[{"embeddable":true,"href":"https:\/\/zillinger4vienna.at\/de\/wp-json\/wp\/v2\/comments?post=18238"}],"version-history":[{"count":11,"href":"https:\/\/zillinger4vienna.at\/de\/wp-json\/wp\/v2\/posts\/18238\/revisions"}],"predecessor-version":[{"id":18255,"href":"https:\/\/zillinger4vienna.at\/de\/wp-json\/wp\/v2\/posts\/18238\/revisions\/18255"}],"wp:featuredmedia":[{"embeddable":true,"href":"https:\/\/zillinger4vienna.at\/de\/wp-json\/wp\/v2\/media\/18241"}],"wp:attachment":[{"href":"https:\/\/zillinger4vienna.at\/de\/wp-json\/wp\/v2\/media?parent=18238"}],"wp:term":[{"taxonomy":"category","embeddable":true,"href":"https:\/\/zillinger4vienna.at\/de\/wp-json\/wp\/v2\/categories?post=18238"},{"taxonomy":"post_tag","embeddable":true,"href":"https:\/\/zillinger4vienna.at\/de\/wp-json\/wp\/v2\/tags?post=18238"}],"curies":[{"name":"wp","href":"https:\/\/api.w.org\/{rel}","templated":true}]}}