{"id":18134,"date":"2025-01-12T20:53:07","date_gmt":"2025-01-12T19:53:07","guid":{"rendered":"https:\/\/zillinger4vienna.at\/?p=18134"},"modified":"2025-01-12T21:19:31","modified_gmt":"2025-01-12T20:19:31","slug":"weihnachten-in-der-monarchie-orf-sendung-in-erbe-oesterreich-auf-orf-3-mit-interviews-von-mag-karl-zillinger","status":"publish","type":"post","link":"https:\/\/zillinger4vienna.at\/de\/2025\/01\/12\/weihnachten-in-der-monarchie-orf-sendung-in-erbe-oesterreich-auf-orf-3-mit-interviews-von-mag-karl-zillinger\/","title":{"rendered":"Weihnachten in der Monarchie \u00a0&#8211; \u00a0ORF- Sendung in Erbe \u00d6sterreich auf ORF 3 mit Interviews von Mag. Karl Zillinger"},"content":{"rendered":"\n<p>In der TV-Dokureihe &#8222;Erbe \u00d6sterreich&#8220; am 17.12.2024 ging es um die Sozial- und Kulturgeschichte von Weihnachten in der Monarchie. Neben den Feiern des Adels und des gehobenen B\u00fcrgertums zeigt die Sendung auch wie im 19. Jahrhundert&nbsp; Arbeiterfamilien und Familien in den Vororten von Wien die Feiertage verbrachten. <\/p>\n\n\n\n<p>Oft gab es keine Geschenke, man war froh, wenn es eine warme Mahlzeit gab.&nbsp; Wohlt\u00e4tigkeitsvereine organisierten ein gemeinsames Fest, sie sammelten f\u00fcr Kinder, damit es bei einem gemeinsamen Weihnachtsfest im Vorort Spittelberg Kleider und S\u00fc\u00dfigkeiten f\u00fcr die Kinder im Winter gab. &nbsp;Auch Kaiser Josef II wollte im Vorort Spittelberg vor den Toren Wiens inkognito erkunden, wie sein Volk feierte.<\/p>\n\n\n\n<p>Dazu und zu Fragen \u00fcber die Einsamkeit in der stillsten Zeit, \u00fcber die kaum verf\u00fcgbare Freizeit zu Weihnachten f\u00fcr Arbeiter und Dienstm\u00e4dchen, und \u00fcber das Weihnachtswunder 1914 an der Westfront gibt Karl Zillinger in Interviews Auskunft.&nbsp; Mehr dazu auch in den B\u00fcchern &#8222;<a href=\"https:\/\/zillinger4vienna.at\/de\/project\/publikation-karl-zillinger-weiner-weihnacht\/\" target=\"_blank\" rel=\"noreferrer noopener\">Wiener Weihnacht<\/a>&#8220; (erschienen 2012, Sutton Verlag)&nbsp; und &#8222;<a href=\"https:\/\/zillinger4vienna.at\/de\/project\/publikation-karl-zillinger-salzburger-weihnacht\/\" target=\"_blank\" rel=\"noreferrer noopener\">Salzburger Weihnacht<\/a>&#8220; (erschienen 2013,  Sutton Verlag) von Mag. Karl Zillinger, Fremdenf\u00fchrer und Historiker.&nbsp;<\/p>\n\n\n\n<figure class=\"wp-block-image size-large is-resized\"><img decoding=\"async\" width=\"1024\" height=\"640\" src=\"https:\/\/zillinger4vienna.at\/wp-content\/uploads\/2025\/01\/karl-zillinger-24-orf-2-1024x640.jpg\" alt=\"\" class=\"wp-image-18145\" style=\"width:736px;height:auto\" srcset=\"https:\/\/zillinger4vienna.at\/wp-content\/uploads\/2025\/01\/karl-zillinger-24-orf-2-1024x640.jpg 1024w, https:\/\/zillinger4vienna.at\/wp-content\/uploads\/2025\/01\/karl-zillinger-24-orf-2-300x188.jpg 300w, https:\/\/zillinger4vienna.at\/wp-content\/uploads\/2025\/01\/karl-zillinger-24-orf-2-768x480.jpg 768w, https:\/\/zillinger4vienna.at\/wp-content\/uploads\/2025\/01\/karl-zillinger-24-orf-2-1536x960.jpg 1536w, https:\/\/zillinger4vienna.at\/wp-content\/uploads\/2025\/01\/karl-zillinger-24-orf-2-2048x1280.jpg 2048w, https:\/\/zillinger4vienna.at\/wp-content\/uploads\/2025\/01\/karl-zillinger-24-orf-2-18x12.jpg 18w, https:\/\/zillinger4vienna.at\/wp-content\/uploads\/2025\/01\/karl-zillinger-24-orf-2-580x363.jpg 580w, https:\/\/zillinger4vienna.at\/wp-content\/uploads\/2025\/01\/karl-zillinger-24-orf-2-860x538.jpg 860w, https:\/\/zillinger4vienna.at\/wp-content\/uploads\/2025\/01\/karl-zillinger-24-orf-2-1160x725.jpg 1160w\" sizes=\"(max-width: 1024px) 100vw, 1024px\" \/><\/figure>\n\n\n\n<p><\/p>\n","protected":false},"excerpt":{"rendered":"<p>In der TV-Dokureihe &#8222;Erbe \u00d6sterreich&#8220; am 17.12.2024 ging es um die Sozial- und Kulturgeschichte von Weihnachten in der Monarchie. Neben den Feiern des Adels und des gehobenen B\u00fcrgertums zeigt die Sendung auch wie im 19. Jahrhundert&nbsp; Arbeiterfamilien und Familien in den Vororten von Wien die Feiertage verbrachten. Oft gab es keine Geschenke, man war froh,&#8230;<\/p>\n","protected":false},"author":1,"featured_media":18143,"comment_status":"closed","ping_status":"closed","sticky":false,"template":"","format":"standard","meta":{"_EventAllDay":false,"_EventTimezone":"","_EventStartDate":"","_EventEndDate":"","_EventStartDateUTC":"","_EventEndDateUTC":"","_EventShowMap":false,"_EventShowMapLink":false,"_EventURL":"","_EventCost":"","_EventCostDescription":"","_EventCurrencySymbol":"","_EventCurrencyCode":"","_EventCurrencyPosition":"","_EventDateTimeSeparator":"","_EventTimeRangeSeparator":"","_EventOrganizerID":[],"_EventVenueID":0,"_OrganizerEmail":"","_OrganizerPhone":"","_OrganizerWebsite":"","_VenueAddress":"","_VenueCity":"","_VenueCountry":"","_VenueProvince":"","_VenueZip":"","_VenuePhone":"","_VenueURL":"","_VenueStateProvince":"","_VenueLat":"","_VenueLng":"","footnotes":""},"categories":[7],"tags":[],"class_list":["post-18134","post","type-post","status-publish","format-standard","has-post-thumbnail","hentry","category-news"],"yoast_head":"<!-- This site is optimized with the Yoast SEO plugin v25.0 - https:\/\/yoast.com\/wordpress\/plugins\/seo\/ -->\n<title>Weihnachten in der Monarchie \u00a0- \u00a0ORF- Sendung in Erbe \u00d6sterreich auf ORF 3 mit Interviews von Mag. Karl Zillinger - Zillinger4Vienna<\/title>\n<meta name=\"description\" content=\"Mag. Karl Zillinger gab in der TV-Dokureihe &quot;Erbe \u00d6sterreich&quot; am 17.12.2024 (ORF 3) Experteninterviews zu Weihnachten in der Monarchie.\" \/>\n<meta name=\"robots\" content=\"index, follow, max-snippet:-1, max-image-preview:large, max-video-preview:-1\" \/>\n<link rel=\"canonical\" href=\"https:\/\/zillinger4vienna.at\/de\/2025\/01\/12\/weihnachten-in-der-monarchie-orf-sendung-in-erbe-oesterreich-auf-orf-3-mit-interviews-von-mag-karl-zillinger\/\" \/>\n<meta property=\"og:locale\" content=\"de_DE\" \/>\n<meta property=\"og:type\" content=\"article\" \/>\n<meta property=\"og:title\" content=\"Weihnachten in der Monarchie \u00a0- \u00a0ORF- Sendung in Erbe \u00d6sterreich auf ORF 3 mit Interviews von Mag. Karl Zillinger - Zillinger4Vienna\" \/>\n<meta property=\"og:description\" content=\"Mag. Karl Zillinger gab in der TV-Dokureihe &quot;Erbe \u00d6sterreich&quot; am 17.12.2024 (ORF 3) Experteninterviews zu Weihnachten in der Monarchie.\" \/>\n<meta property=\"og:url\" content=\"https:\/\/zillinger4vienna.at\/de\/2025\/01\/12\/weihnachten-in-der-monarchie-orf-sendung-in-erbe-oesterreich-auf-orf-3-mit-interviews-von-mag-karl-zillinger\/\" \/>\n<meta property=\"og:site_name\" content=\"Zillinger4Vienna\" \/>\n<meta property=\"article:published_time\" content=\"2025-01-12T19:53:07+00:00\" \/>\n<meta property=\"article:modified_time\" content=\"2025-01-12T20:19:31+00:00\" \/>\n<meta property=\"og:image\" content=\"https:\/\/zillinger4vienna.at\/wp-content\/uploads\/2025\/01\/karl-zillinger-24-orf.jpg\" \/>\n\t<meta property=\"og:image:width\" content=\"1974\" \/>\n\t<meta property=\"og:image:height\" content=\"1094\" \/>\n\t<meta property=\"og:image:type\" content=\"image\/jpeg\" \/>\n<meta name=\"author\" content=\"ww21\" \/>\n<meta name=\"twitter:card\" content=\"summary_large_image\" \/>\n<meta name=\"twitter:label1\" content=\"Verfasst von\" \/>\n\t<meta name=\"twitter:data1\" content=\"ww21\" \/>\n\t<meta name=\"twitter:label2\" content=\"Gesch\u00e4tzte Lesezeit\" \/>\n\t<meta name=\"twitter:data2\" content=\"2\u00a0Minuten\" \/>\n<script type=\"application\/ld+json\" class=\"yoast-schema-graph\">{\"@context\":\"https:\/\/schema.org\",\"@graph\":[{\"@type\":\"WebPage\",\"@id\":\"https:\/\/zillinger4vienna.at\/2025\/01\/12\/weihnachten-in-der-monarchie-orf-sendung-in-erbe-oesterreich-auf-orf-3-mit-interviews-von-mag-karl-zillinger\/\",\"url\":\"https:\/\/zillinger4vienna.at\/2025\/01\/12\/weihnachten-in-der-monarchie-orf-sendung-in-erbe-oesterreich-auf-orf-3-mit-interviews-von-mag-karl-zillinger\/\",\"name\":\"Weihnachten in der Monarchie \u00a0- \u00a0ORF- Sendung in Erbe \u00d6sterreich auf ORF 3 mit Interviews von Mag. Karl Zillinger - Zillinger4Vienna\",\"isPartOf\":{\"@id\":\"https:\/\/zillinger4vienna.at\/de\/#website\"},\"primaryImageOfPage\":{\"@id\":\"https:\/\/zillinger4vienna.at\/2025\/01\/12\/weihnachten-in-der-monarchie-orf-sendung-in-erbe-oesterreich-auf-orf-3-mit-interviews-von-mag-karl-zillinger\/#primaryimage\"},\"image\":{\"@id\":\"https:\/\/zillinger4vienna.at\/2025\/01\/12\/weihnachten-in-der-monarchie-orf-sendung-in-erbe-oesterreich-auf-orf-3-mit-interviews-von-mag-karl-zillinger\/#primaryimage\"},\"thumbnailUrl\":\"https:\/\/zillinger4vienna.at\/wp-content\/uploads\/2025\/01\/karl-zillinger-24-orf.jpg\",\"datePublished\":\"2025-01-12T19:53:07+00:00\",\"dateModified\":\"2025-01-12T20:19:31+00:00\",\"author\":{\"@id\":\"https:\/\/zillinger4vienna.at\/de\/#\/schema\/person\/f50e3cccffe0cd8c21597b95cba06c5d\"},\"description\":\"Mag. Karl Zillinger gab in der TV-Dokureihe \\\"Erbe \u00d6sterreich\\\" am 17.12.2024 (ORF 3) Experteninterviews zu Weihnachten in der Monarchie.\",\"breadcrumb\":{\"@id\":\"https:\/\/zillinger4vienna.at\/2025\/01\/12\/weihnachten-in-der-monarchie-orf-sendung-in-erbe-oesterreich-auf-orf-3-mit-interviews-von-mag-karl-zillinger\/#breadcrumb\"},\"inLanguage\":\"de\",\"potentialAction\":[{\"@type\":\"ReadAction\",\"target\":[\"https:\/\/zillinger4vienna.at\/2025\/01\/12\/weihnachten-in-der-monarchie-orf-sendung-in-erbe-oesterreich-auf-orf-3-mit-interviews-von-mag-karl-zillinger\/\"]}]},{\"@type\":\"ImageObject\",\"inLanguage\":\"de\",\"@id\":\"https:\/\/zillinger4vienna.at\/2025\/01\/12\/weihnachten-in-der-monarchie-orf-sendung-in-erbe-oesterreich-auf-orf-3-mit-interviews-von-mag-karl-zillinger\/#primaryimage\",\"url\":\"https:\/\/zillinger4vienna.at\/wp-content\/uploads\/2025\/01\/karl-zillinger-24-orf.jpg\",\"contentUrl\":\"https:\/\/zillinger4vienna.at\/wp-content\/uploads\/2025\/01\/karl-zillinger-24-orf.jpg\",\"width\":1974,\"height\":1094},{\"@type\":\"BreadcrumbList\",\"@id\":\"https:\/\/zillinger4vienna.at\/2025\/01\/12\/weihnachten-in-der-monarchie-orf-sendung-in-erbe-oesterreich-auf-orf-3-mit-interviews-von-mag-karl-zillinger\/#breadcrumb\",\"itemListElement\":[{\"@type\":\"ListItem\",\"position\":1,\"name\":\"Startseite\",\"item\":\"https:\/\/zillinger4vienna.at\/\"},{\"@type\":\"ListItem\",\"position\":2,\"name\":\"Weihnachten in der Monarchie \u00a0&#8211; \u00a0ORF- Sendung in Erbe \u00d6sterreich auf ORF 3 mit Interviews von Mag. Karl Zillinger\"}]},{\"@type\":\"WebSite\",\"@id\":\"https:\/\/zillinger4vienna.at\/de\/#website\",\"url\":\"https:\/\/zillinger4vienna.at\/de\/\",\"name\":\"Zillinger4Vienna\",\"description\":\"Unvergessliche Stadtf\u00fchrungen in Wien\",\"potentialAction\":[{\"@type\":\"SearchAction\",\"target\":{\"@type\":\"EntryPoint\",\"urlTemplate\":\"https:\/\/zillinger4vienna.at\/de\/?s={search_term_string}\"},\"query-input\":{\"@type\":\"PropertyValueSpecification\",\"valueRequired\":true,\"valueName\":\"search_term_string\"}}],\"inLanguage\":\"de\"},{\"@type\":\"Person\",\"@id\":\"https:\/\/zillinger4vienna.at\/de\/#\/schema\/person\/f50e3cccffe0cd8c21597b95cba06c5d\",\"name\":\"ww21\",\"sameAs\":[\"https:\/\/zillinger4vienna.at\"],\"url\":\"https:\/\/zillinger4vienna.at\/de\/author\/ww21\/\"}]}<\/script>\n<!-- \/ Yoast SEO plugin. -->","yoast_head_json":{"title":"Weihnachten in der Monarchie \u00a0- \u00a0ORF- Sendung in Erbe \u00d6sterreich auf ORF 3 mit Interviews von Mag. Karl Zillinger - Zillinger4Vienna","description":"Mag. Karl Zillinger gab in der TV-Dokureihe \"Erbe \u00d6sterreich\" am 17.12.2024 (ORF 3) Experteninterviews zu Weihnachten in der Monarchie.","robots":{"index":"index","follow":"follow","max-snippet":"max-snippet:-1","max-image-preview":"max-image-preview:large","max-video-preview":"max-video-preview:-1"},"canonical":"https:\/\/zillinger4vienna.at\/de\/2025\/01\/12\/weihnachten-in-der-monarchie-orf-sendung-in-erbe-oesterreich-auf-orf-3-mit-interviews-von-mag-karl-zillinger\/","og_locale":"de_DE","og_type":"article","og_title":"Weihnachten in der Monarchie \u00a0- \u00a0ORF- Sendung in Erbe \u00d6sterreich auf ORF 3 mit Interviews von Mag. Karl Zillinger - Zillinger4Vienna","og_description":"Mag. Karl Zillinger gab in der TV-Dokureihe \"Erbe \u00d6sterreich\" am 17.12.2024 (ORF 3) Experteninterviews zu Weihnachten in der Monarchie.","og_url":"https:\/\/zillinger4vienna.at\/de\/2025\/01\/12\/weihnachten-in-der-monarchie-orf-sendung-in-erbe-oesterreich-auf-orf-3-mit-interviews-von-mag-karl-zillinger\/","og_site_name":"Zillinger4Vienna","article_published_time":"2025-01-12T19:53:07+00:00","article_modified_time":"2025-01-12T20:19:31+00:00","og_image":[{"width":1974,"height":1094,"url":"https:\/\/zillinger4vienna.at\/wp-content\/uploads\/2025\/01\/karl-zillinger-24-orf.jpg","type":"image\/jpeg"}],"author":"ww21","twitter_card":"summary_large_image","twitter_misc":{"Verfasst von":"ww21","Gesch\u00e4tzte Lesezeit":"2\u00a0Minuten"},"schema":{"@context":"https:\/\/schema.org","@graph":[{"@type":"WebPage","@id":"https:\/\/zillinger4vienna.at\/2025\/01\/12\/weihnachten-in-der-monarchie-orf-sendung-in-erbe-oesterreich-auf-orf-3-mit-interviews-von-mag-karl-zillinger\/","url":"https:\/\/zillinger4vienna.at\/2025\/01\/12\/weihnachten-in-der-monarchie-orf-sendung-in-erbe-oesterreich-auf-orf-3-mit-interviews-von-mag-karl-zillinger\/","name":"Weihnachten in der Monarchie \u00a0- \u00a0ORF- Sendung in Erbe \u00d6sterreich auf ORF 3 mit Interviews von Mag. Karl Zillinger - Zillinger4Vienna","isPartOf":{"@id":"https:\/\/zillinger4vienna.at\/de\/#website"},"primaryImageOfPage":{"@id":"https:\/\/zillinger4vienna.at\/2025\/01\/12\/weihnachten-in-der-monarchie-orf-sendung-in-erbe-oesterreich-auf-orf-3-mit-interviews-von-mag-karl-zillinger\/#primaryimage"},"image":{"@id":"https:\/\/zillinger4vienna.at\/2025\/01\/12\/weihnachten-in-der-monarchie-orf-sendung-in-erbe-oesterreich-auf-orf-3-mit-interviews-von-mag-karl-zillinger\/#primaryimage"},"thumbnailUrl":"https:\/\/zillinger4vienna.at\/wp-content\/uploads\/2025\/01\/karl-zillinger-24-orf.jpg","datePublished":"2025-01-12T19:53:07+00:00","dateModified":"2025-01-12T20:19:31+00:00","author":{"@id":"https:\/\/zillinger4vienna.at\/de\/#\/schema\/person\/f50e3cccffe0cd8c21597b95cba06c5d"},"description":"Mag. Karl Zillinger gab in der TV-Dokureihe \"Erbe \u00d6sterreich\" am 17.12.2024 (ORF 3) Experteninterviews zu Weihnachten in der Monarchie.","breadcrumb":{"@id":"https:\/\/zillinger4vienna.at\/2025\/01\/12\/weihnachten-in-der-monarchie-orf-sendung-in-erbe-oesterreich-auf-orf-3-mit-interviews-von-mag-karl-zillinger\/#breadcrumb"},"inLanguage":"de","potentialAction":[{"@type":"ReadAction","target":["https:\/\/zillinger4vienna.at\/2025\/01\/12\/weihnachten-in-der-monarchie-orf-sendung-in-erbe-oesterreich-auf-orf-3-mit-interviews-von-mag-karl-zillinger\/"]}]},{"@type":"ImageObject","inLanguage":"de","@id":"https:\/\/zillinger4vienna.at\/2025\/01\/12\/weihnachten-in-der-monarchie-orf-sendung-in-erbe-oesterreich-auf-orf-3-mit-interviews-von-mag-karl-zillinger\/#primaryimage","url":"https:\/\/zillinger4vienna.at\/wp-content\/uploads\/2025\/01\/karl-zillinger-24-orf.jpg","contentUrl":"https:\/\/zillinger4vienna.at\/wp-content\/uploads\/2025\/01\/karl-zillinger-24-orf.jpg","width":1974,"height":1094},{"@type":"BreadcrumbList","@id":"https:\/\/zillinger4vienna.at\/2025\/01\/12\/weihnachten-in-der-monarchie-orf-sendung-in-erbe-oesterreich-auf-orf-3-mit-interviews-von-mag-karl-zillinger\/#breadcrumb","itemListElement":[{"@type":"ListItem","position":1,"name":"Startseite","item":"https:\/\/zillinger4vienna.at\/"},{"@type":"ListItem","position":2,"name":"Weihnachten in der Monarchie \u00a0&#8211; \u00a0ORF- Sendung in Erbe \u00d6sterreich auf ORF 3 mit Interviews von Mag. Karl Zillinger"}]},{"@type":"WebSite","@id":"https:\/\/zillinger4vienna.at\/de\/#website","url":"https:\/\/zillinger4vienna.at\/de\/","name":"Zillinger4Vienna","description":"Unvergessliche Stadtf\u00fchrungen in Wien","potentialAction":[{"@type":"SearchAction","target":{"@type":"EntryPoint","urlTemplate":"https:\/\/zillinger4vienna.at\/de\/?s={search_term_string}"},"query-input":{"@type":"PropertyValueSpecification","valueRequired":true,"valueName":"search_term_string"}}],"inLanguage":"de"},{"@type":"Person","@id":"https:\/\/zillinger4vienna.at\/de\/#\/schema\/person\/f50e3cccffe0cd8c21597b95cba06c5d","name":"ww21","sameAs":["https:\/\/zillinger4vienna.at"],"url":"https:\/\/zillinger4vienna.at\/de\/author\/ww21\/"}]}},"_links":{"self":[{"href":"https:\/\/zillinger4vienna.at\/de\/wp-json\/wp\/v2\/posts\/18134","targetHints":{"allow":["GET"]}}],"collection":[{"href":"https:\/\/zillinger4vienna.at\/de\/wp-json\/wp\/v2\/posts"}],"about":[{"href":"https:\/\/zillinger4vienna.at\/de\/wp-json\/wp\/v2\/types\/post"}],"author":[{"embeddable":true,"href":"https:\/\/zillinger4vienna.at\/de\/wp-json\/wp\/v2\/users\/1"}],"replies":[{"embeddable":true,"href":"https:\/\/zillinger4vienna.at\/de\/wp-json\/wp\/v2\/comments?post=18134"}],"version-history":[{"count":6,"href":"https:\/\/zillinger4vienna.at\/de\/wp-json\/wp\/v2\/posts\/18134\/revisions"}],"predecessor-version":[{"id":18146,"href":"https:\/\/zillinger4vienna.at\/de\/wp-json\/wp\/v2\/posts\/18134\/revisions\/18146"}],"wp:featuredmedia":[{"embeddable":true,"href":"https:\/\/zillinger4vienna.at\/de\/wp-json\/wp\/v2\/media\/18143"}],"wp:attachment":[{"href":"https:\/\/zillinger4vienna.at\/de\/wp-json\/wp\/v2\/media?parent=18134"}],"wp:term":[{"taxonomy":"category","embeddable":true,"href":"https:\/\/zillinger4vienna.at\/de\/wp-json\/wp\/v2\/categories?post=18134"},{"taxonomy":"post_tag","embeddable":true,"href":"https:\/\/zillinger4vienna.at\/de\/wp-json\/wp\/v2\/tags?post=18134"}],"curies":[{"name":"wp","href":"https:\/\/api.w.org\/{rel}","templated":true}]}}