{"id":17391,"date":"2020-06-23T13:58:13","date_gmt":"2020-06-23T11:58:13","guid":{"rendered":"https:\/\/zillinger4vienna.at\/?p=17391"},"modified":"2021-04-22T12:29:05","modified_gmt":"2021-04-22T10:29:05","slug":"en-la-busca-de-las-huellas-de-la-arte-y-de-la-cocina-vienesa-culinaria-con-los-5-sentidos","status":"publish","type":"post","link":"https:\/\/zillinger4vienna.at\/de\/2020\/06\/23\/en-la-busca-de-las-huellas-de-la-arte-y-de-la-cocina-vienesa-culinaria-con-los-5-sentidos\/","title":{"rendered":"En la busca de las huellas del arte y de la cocina Vienesa culinaria con los 5 sentidos"},"content":{"rendered":"<div id=\"cmsmasters_row_tmj2cm4yqg\" class=\"cmsmasters_row cmsmasters_color_scheme_default cmsmasters_row_top_default cmsmasters_row_bot_default cmsmasters_row_boxed\">\n<div class=\"cmsmasters_row_outer_parent\">\n<div class=\"cmsmasters_row_outer\">\n<div class=\"cmsmasters_row_inner\">\n<div class=\"cmsmasters_row_margin\">\n<div id=\"cmsmasters_column_mo2rkabyqe\" class=\"cmsmasters_column one_first\">\n<div class=\"cmsmasters_column_inner\"><div class=\"cmsmasters_text\">\n<h4 style=\"padding-left: 40px; text-align: left;\"><span style=\"color: #000000;\">En los pr\u00f3ximos meses, despu\u00e9s de las restricciones de COVID-19, finalmente habr\u00e1 la oportunidad de descubrir nuevos distritos en Viena.<\/span><\/h4>\n<p><span style=\"color: #000000;\">El distrito del Prater muestra su lado internacional alrededor de la nueva universidad de negocios con arquitectura moderna desde Zaha Hadid hasta Peter Cook. Durante un paseo por la Catedral de San Esteban, descubrimos los lugares m\u00e1gicos de Viena, que siempre han estado llenos de leyendas y cuentos de hadas. Un recorrido ideal tambi\u00e9n para ni\u00f1os. \u00bfY qu\u00e9 ser\u00eda Viena sin m\u00fasica y vino? <\/span><\/p>\n<p><span style=\"color: #000000;\">Un paseo culinario tras las huellas de compositores como Ludwig van Beethoven y Franz Lehar, desde Nussdorf hasta Grinzing, muestra la importancia de la m\u00fasica y el vino para Viena, desde los romanos hasta nuestros d\u00edas. Una visita a una taberna de vinos, que se llama \u201cHeuriger\u201d en Vienna, siempre marca el final de estos paseos.\u00a0 <\/span><\/p>\n<p><span style=\"color: #000000;\">Espero con alegr\u00eda nuestra primera visita. \u00a1Hasta luego!<\/span><\/p>\n<p>&nbsp;<\/p>\n<\/div>\n<div id=\"cmsmasters_button_vyojh85dld\" class=\"button_wrap\"><a href=\"https:\/\/zillinger4vienna.at\/en\/guia-de-viena-espanol\/\" class=\"cmsmasters_button cmsmasters-icon-left\"><span>Espalda<\/span><\/a><\/div>\n<\/div><\/div>\n<\/div>\n<\/div>\n<\/div>\n<\/div>\n<\/div>\n<div id=\"cmsmasters_row_r1v84hivj\" class=\"cmsmasters_row cmsmasters_color_scheme_default cmsmasters_row_top_default cmsmasters_row_bot_default cmsmasters_row_boxed\">\n<div class=\"cmsmasters_row_outer_parent\">\n<div class=\"cmsmasters_row_outer\">\n<div class=\"cmsmasters_row_inner\">\n<div class=\"cmsmasters_row_margin\">\n<div id=\"cmsmasters_column_04cs6d399o\" class=\"cmsmasters_column one_first\">\n<div class=\"cmsmasters_column_inner\"><\/div><\/div>\n<\/div>\n<\/div>\n<\/div>\n<\/div>\n<\/div>\n\n","protected":false},"excerpt":{"rendered":"","protected":false},"author":1,"featured_media":16456,"comment_status":"closed","ping_status":"closed","sticky":false,"template":"","format":"standard","meta":{"_EventAllDay":false,"_EventTimezone":"","_EventStartDate":"","_EventEndDate":"","_EventStartDateUTC":"","_EventEndDateUTC":"","_EventShowMap":false,"_EventShowMapLink":false,"_EventURL":"","_EventCost":"","_EventCostDescription":"","_EventCurrencySymbol":"","_EventCurrencyCode":"","_EventCurrencyPosition":"","_EventDateTimeSeparator":"","_EventTimeRangeSeparator":"","_EventOrganizerID":[],"_EventVenueID":0,"_OrganizerEmail":"","_OrganizerPhone":"","_OrganizerWebsite":"","_VenueAddress":"","_VenueCity":"","_VenueCountry":"","_VenueProvince":"","_VenueZip":"","_VenuePhone":"","_VenueURL":"","_VenueStateProvince":"","_VenueLat":"","_VenueLng":"","footnotes":""},"categories":[101],"tags":[],"class_list":["post-17391","post","type-post","status-publish","format-standard","has-post-thumbnail","hentry","category-viena-en-el-ciclo-de-las-estaciones"],"yoast_head":"<!-- This site is optimized with the Yoast SEO plugin v25.0 - https:\/\/yoast.com\/wordpress\/plugins\/seo\/ -->\n<title>En la busca de las huellas del arte y de la cocina Vienesa culinaria con los 5 sentidos - Zillinger4Vienna<\/title>\n<meta name=\"description\" content=\"Visitas tem\u00e1ticas, excursiones &amp; visita guiadas especiales Mag. Karl Zillinger: Historiador, Gu\u00eda de Austria&amp; mediador de arte. Hasta pronto!\" \/>\n<meta name=\"robots\" content=\"index, follow, max-snippet:-1, max-image-preview:large, max-video-preview:-1\" \/>\n<link rel=\"canonical\" href=\"https:\/\/zillinger4vienna.at\/de\/2020\/06\/23\/en-la-busca-de-las-huellas-de-la-arte-y-de-la-cocina-vienesa-culinaria-con-los-5-sentidos\/\" \/>\n<meta property=\"og:locale\" content=\"de_DE\" \/>\n<meta property=\"og:type\" content=\"article\" \/>\n<meta property=\"og:title\" content=\"En la busca de las huellas del arte y de la cocina Vienesa culinaria con los 5 sentidos - Zillinger4Vienna\" \/>\n<meta property=\"og:description\" content=\"Visitas tem\u00e1ticas, excursiones &amp; visita guiadas especiales Mag. Karl Zillinger: Historiador, Gu\u00eda de Austria&amp; mediador de arte. Hasta pronto!\" \/>\n<meta property=\"og:url\" content=\"https:\/\/zillinger4vienna.at\/de\/2020\/06\/23\/en-la-busca-de-las-huellas-de-la-arte-y-de-la-cocina-vienesa-culinaria-con-los-5-sentidos\/\" \/>\n<meta property=\"og:site_name\" content=\"Zillinger4Vienna\" \/>\n<meta property=\"article:published_time\" content=\"2020-06-23T11:58:13+00:00\" \/>\n<meta property=\"article:modified_time\" content=\"2021-04-22T10:29:05+00:00\" \/>\n<meta property=\"og:image\" content=\"https:\/\/zillinger4vienna.at\/wp-content\/uploads\/2021\/02\/aneta-pawlik-FqccnXTke28-unsplash.jpg\" \/>\n\t<meta property=\"og:image:width\" content=\"1000\" \/>\n\t<meta property=\"og:image:height\" content=\"1509\" \/>\n\t<meta property=\"og:image:type\" content=\"image\/jpeg\" \/>\n<meta name=\"author\" content=\"ww21\" \/>\n<meta name=\"twitter:card\" content=\"summary_large_image\" \/>\n<meta name=\"twitter:label1\" content=\"Verfasst von\" \/>\n\t<meta name=\"twitter:data1\" content=\"ww21\" \/>\n<script type=\"application\/ld+json\" class=\"yoast-schema-graph\">{\"@context\":\"https:\/\/schema.org\",\"@graph\":[{\"@type\":\"WebPage\",\"@id\":\"https:\/\/zillinger4vienna.at\/2020\/06\/23\/en-la-busca-de-las-huellas-de-la-arte-y-de-la-cocina-vienesa-culinaria-con-los-5-sentidos\/\",\"url\":\"https:\/\/zillinger4vienna.at\/2020\/06\/23\/en-la-busca-de-las-huellas-de-la-arte-y-de-la-cocina-vienesa-culinaria-con-los-5-sentidos\/\",\"name\":\"En la busca de las huellas del arte y de la cocina Vienesa culinaria con los 5 sentidos - Zillinger4Vienna\",\"isPartOf\":{\"@id\":\"https:\/\/zillinger4vienna.at\/de\/#website\"},\"primaryImageOfPage\":{\"@id\":\"https:\/\/zillinger4vienna.at\/2020\/06\/23\/en-la-busca-de-las-huellas-de-la-arte-y-de-la-cocina-vienesa-culinaria-con-los-5-sentidos\/#primaryimage\"},\"image\":{\"@id\":\"https:\/\/zillinger4vienna.at\/2020\/06\/23\/en-la-busca-de-las-huellas-de-la-arte-y-de-la-cocina-vienesa-culinaria-con-los-5-sentidos\/#primaryimage\"},\"thumbnailUrl\":\"https:\/\/zillinger4vienna.at\/wp-content\/uploads\/2021\/02\/aneta-pawlik-FqccnXTke28-unsplash.jpg\",\"datePublished\":\"2020-06-23T11:58:13+00:00\",\"dateModified\":\"2021-04-22T10:29:05+00:00\",\"author\":{\"@id\":\"https:\/\/zillinger4vienna.at\/de\/#\/schema\/person\/f50e3cccffe0cd8c21597b95cba06c5d\"},\"description\":\"Visitas tem\u00e1ticas, excursiones & visita guiadas especiales Mag. Karl Zillinger: Historiador, Gu\u00eda de Austria& mediador de arte. Hasta pronto!\",\"breadcrumb\":{\"@id\":\"https:\/\/zillinger4vienna.at\/2020\/06\/23\/en-la-busca-de-las-huellas-de-la-arte-y-de-la-cocina-vienesa-culinaria-con-los-5-sentidos\/#breadcrumb\"},\"inLanguage\":\"de\",\"potentialAction\":[{\"@type\":\"ReadAction\",\"target\":[\"https:\/\/zillinger4vienna.at\/2020\/06\/23\/en-la-busca-de-las-huellas-de-la-arte-y-de-la-cocina-vienesa-culinaria-con-los-5-sentidos\/\"]}]},{\"@type\":\"ImageObject\",\"inLanguage\":\"de\",\"@id\":\"https:\/\/zillinger4vienna.at\/2020\/06\/23\/en-la-busca-de-las-huellas-de-la-arte-y-de-la-cocina-vienesa-culinaria-con-los-5-sentidos\/#primaryimage\",\"url\":\"https:\/\/zillinger4vienna.at\/wp-content\/uploads\/2021\/02\/aneta-pawlik-FqccnXTke28-unsplash.jpg\",\"contentUrl\":\"https:\/\/zillinger4vienna.at\/wp-content\/uploads\/2021\/02\/aneta-pawlik-FqccnXTke28-unsplash.jpg\",\"width\":1000,\"height\":1509},{\"@type\":\"BreadcrumbList\",\"@id\":\"https:\/\/zillinger4vienna.at\/2020\/06\/23\/en-la-busca-de-las-huellas-de-la-arte-y-de-la-cocina-vienesa-culinaria-con-los-5-sentidos\/#breadcrumb\",\"itemListElement\":[{\"@type\":\"ListItem\",\"position\":1,\"name\":\"Startseite\",\"item\":\"https:\/\/zillinger4vienna.at\/\"},{\"@type\":\"ListItem\",\"position\":2,\"name\":\"En la busca de las huellas del arte y de la cocina Vienesa culinaria con los 5 sentidos\"}]},{\"@type\":\"WebSite\",\"@id\":\"https:\/\/zillinger4vienna.at\/de\/#website\",\"url\":\"https:\/\/zillinger4vienna.at\/de\/\",\"name\":\"Zillinger4Vienna\",\"description\":\"Unvergessliche Stadtf\u00fchrungen in Wien\",\"potentialAction\":[{\"@type\":\"SearchAction\",\"target\":{\"@type\":\"EntryPoint\",\"urlTemplate\":\"https:\/\/zillinger4vienna.at\/de\/?s={search_term_string}\"},\"query-input\":{\"@type\":\"PropertyValueSpecification\",\"valueRequired\":true,\"valueName\":\"search_term_string\"}}],\"inLanguage\":\"de\"},{\"@type\":\"Person\",\"@id\":\"https:\/\/zillinger4vienna.at\/de\/#\/schema\/person\/f50e3cccffe0cd8c21597b95cba06c5d\",\"name\":\"ww21\",\"sameAs\":[\"https:\/\/zillinger4vienna.at\"],\"url\":\"https:\/\/zillinger4vienna.at\/de\/author\/ww21\/\"}]}<\/script>\n<!-- \/ Yoast SEO plugin. -->","yoast_head_json":{"title":"En la busca de las huellas del arte y de la cocina Vienesa culinaria con los 5 sentidos - Zillinger4Vienna","description":"Visitas tem\u00e1ticas, excursiones & visita guiadas especiales Mag. Karl Zillinger: Historiador, Gu\u00eda de Austria& mediador de arte. Hasta pronto!","robots":{"index":"index","follow":"follow","max-snippet":"max-snippet:-1","max-image-preview":"max-image-preview:large","max-video-preview":"max-video-preview:-1"},"canonical":"https:\/\/zillinger4vienna.at\/de\/2020\/06\/23\/en-la-busca-de-las-huellas-de-la-arte-y-de-la-cocina-vienesa-culinaria-con-los-5-sentidos\/","og_locale":"de_DE","og_type":"article","og_title":"En la busca de las huellas del arte y de la cocina Vienesa culinaria con los 5 sentidos - Zillinger4Vienna","og_description":"Visitas tem\u00e1ticas, excursiones & visita guiadas especiales Mag. Karl Zillinger: Historiador, Gu\u00eda de Austria& mediador de arte. Hasta pronto!","og_url":"https:\/\/zillinger4vienna.at\/de\/2020\/06\/23\/en-la-busca-de-las-huellas-de-la-arte-y-de-la-cocina-vienesa-culinaria-con-los-5-sentidos\/","og_site_name":"Zillinger4Vienna","article_published_time":"2020-06-23T11:58:13+00:00","article_modified_time":"2021-04-22T10:29:05+00:00","og_image":[{"width":1000,"height":1509,"url":"https:\/\/zillinger4vienna.at\/wp-content\/uploads\/2021\/02\/aneta-pawlik-FqccnXTke28-unsplash.jpg","type":"image\/jpeg"}],"author":"ww21","twitter_card":"summary_large_image","twitter_misc":{"Verfasst von":"ww21"},"schema":{"@context":"https:\/\/schema.org","@graph":[{"@type":"WebPage","@id":"https:\/\/zillinger4vienna.at\/2020\/06\/23\/en-la-busca-de-las-huellas-de-la-arte-y-de-la-cocina-vienesa-culinaria-con-los-5-sentidos\/","url":"https:\/\/zillinger4vienna.at\/2020\/06\/23\/en-la-busca-de-las-huellas-de-la-arte-y-de-la-cocina-vienesa-culinaria-con-los-5-sentidos\/","name":"En la busca de las huellas del arte y de la cocina Vienesa culinaria con los 5 sentidos - Zillinger4Vienna","isPartOf":{"@id":"https:\/\/zillinger4vienna.at\/de\/#website"},"primaryImageOfPage":{"@id":"https:\/\/zillinger4vienna.at\/2020\/06\/23\/en-la-busca-de-las-huellas-de-la-arte-y-de-la-cocina-vienesa-culinaria-con-los-5-sentidos\/#primaryimage"},"image":{"@id":"https:\/\/zillinger4vienna.at\/2020\/06\/23\/en-la-busca-de-las-huellas-de-la-arte-y-de-la-cocina-vienesa-culinaria-con-los-5-sentidos\/#primaryimage"},"thumbnailUrl":"https:\/\/zillinger4vienna.at\/wp-content\/uploads\/2021\/02\/aneta-pawlik-FqccnXTke28-unsplash.jpg","datePublished":"2020-06-23T11:58:13+00:00","dateModified":"2021-04-22T10:29:05+00:00","author":{"@id":"https:\/\/zillinger4vienna.at\/de\/#\/schema\/person\/f50e3cccffe0cd8c21597b95cba06c5d"},"description":"Visitas tem\u00e1ticas, excursiones & visita guiadas especiales Mag. Karl Zillinger: Historiador, Gu\u00eda de Austria& mediador de arte. Hasta pronto!","breadcrumb":{"@id":"https:\/\/zillinger4vienna.at\/2020\/06\/23\/en-la-busca-de-las-huellas-de-la-arte-y-de-la-cocina-vienesa-culinaria-con-los-5-sentidos\/#breadcrumb"},"inLanguage":"de","potentialAction":[{"@type":"ReadAction","target":["https:\/\/zillinger4vienna.at\/2020\/06\/23\/en-la-busca-de-las-huellas-de-la-arte-y-de-la-cocina-vienesa-culinaria-con-los-5-sentidos\/"]}]},{"@type":"ImageObject","inLanguage":"de","@id":"https:\/\/zillinger4vienna.at\/2020\/06\/23\/en-la-busca-de-las-huellas-de-la-arte-y-de-la-cocina-vienesa-culinaria-con-los-5-sentidos\/#primaryimage","url":"https:\/\/zillinger4vienna.at\/wp-content\/uploads\/2021\/02\/aneta-pawlik-FqccnXTke28-unsplash.jpg","contentUrl":"https:\/\/zillinger4vienna.at\/wp-content\/uploads\/2021\/02\/aneta-pawlik-FqccnXTke28-unsplash.jpg","width":1000,"height":1509},{"@type":"BreadcrumbList","@id":"https:\/\/zillinger4vienna.at\/2020\/06\/23\/en-la-busca-de-las-huellas-de-la-arte-y-de-la-cocina-vienesa-culinaria-con-los-5-sentidos\/#breadcrumb","itemListElement":[{"@type":"ListItem","position":1,"name":"Startseite","item":"https:\/\/zillinger4vienna.at\/"},{"@type":"ListItem","position":2,"name":"En la busca de las huellas del arte y de la cocina Vienesa culinaria con los 5 sentidos"}]},{"@type":"WebSite","@id":"https:\/\/zillinger4vienna.at\/de\/#website","url":"https:\/\/zillinger4vienna.at\/de\/","name":"Zillinger4Vienna","description":"Unvergessliche Stadtf\u00fchrungen in Wien","potentialAction":[{"@type":"SearchAction","target":{"@type":"EntryPoint","urlTemplate":"https:\/\/zillinger4vienna.at\/de\/?s={search_term_string}"},"query-input":{"@type":"PropertyValueSpecification","valueRequired":true,"valueName":"search_term_string"}}],"inLanguage":"de"},{"@type":"Person","@id":"https:\/\/zillinger4vienna.at\/de\/#\/schema\/person\/f50e3cccffe0cd8c21597b95cba06c5d","name":"ww21","sameAs":["https:\/\/zillinger4vienna.at"],"url":"https:\/\/zillinger4vienna.at\/de\/author\/ww21\/"}]}},"_links":{"self":[{"href":"https:\/\/zillinger4vienna.at\/de\/wp-json\/wp\/v2\/posts\/17391","targetHints":{"allow":["GET"]}}],"collection":[{"href":"https:\/\/zillinger4vienna.at\/de\/wp-json\/wp\/v2\/posts"}],"about":[{"href":"https:\/\/zillinger4vienna.at\/de\/wp-json\/wp\/v2\/types\/post"}],"author":[{"embeddable":true,"href":"https:\/\/zillinger4vienna.at\/de\/wp-json\/wp\/v2\/users\/1"}],"replies":[{"embeddable":true,"href":"https:\/\/zillinger4vienna.at\/de\/wp-json\/wp\/v2\/comments?post=17391"}],"version-history":[{"count":7,"href":"https:\/\/zillinger4vienna.at\/de\/wp-json\/wp\/v2\/posts\/17391\/revisions"}],"predecessor-version":[{"id":17556,"href":"https:\/\/zillinger4vienna.at\/de\/wp-json\/wp\/v2\/posts\/17391\/revisions\/17556"}],"wp:featuredmedia":[{"embeddable":true,"href":"https:\/\/zillinger4vienna.at\/de\/wp-json\/wp\/v2\/media\/16456"}],"wp:attachment":[{"href":"https:\/\/zillinger4vienna.at\/de\/wp-json\/wp\/v2\/media?parent=17391"}],"wp:term":[{"taxonomy":"category","embeddable":true,"href":"https:\/\/zillinger4vienna.at\/de\/wp-json\/wp\/v2\/categories?post=17391"},{"taxonomy":"post_tag","embeddable":true,"href":"https:\/\/zillinger4vienna.at\/de\/wp-json\/wp\/v2\/tags?post=17391"}],"curies":[{"name":"wp","href":"https:\/\/api.w.org\/{rel}","templated":true}]}}